{"id":156397,"date":"2024-05-30T19:16:41","date_gmt":"2024-05-30T17:16:41","guid":{"rendered":"https:\/\/www.es-karlsruhe.eu\/9-mai-p1-2f\/"},"modified":"2024-05-30T19:19:23","modified_gmt":"2024-05-30T17:19:23","slug":"9-mai-p1-2f","status":"publish","type":"post","link":"https:\/\/www.es-karlsruhe.eu\/de\/9-mai-p1-2f\/","title":{"rendered":"9 mai P1-2F"},"content":{"rendered":"<div dir=\"ltr\">Pour c\u00e9l\u00e9brer le 9 mai, les enfants de P1-2F ont r\u00e9alis\u00e9 diff\u00e9rents d\u00e9fis sur les drapeaux europ\u00e9ens.<\/div>\n<div dir=\"ltr\">Utiliser les IPad pour retrouver leurs couleurs, \u00a0les placer sur une carte et rep\u00e9rer les axes de sym\u00e9trie. Tout cela en groupe mixte car nous sommes unis dans la diversit\u00e9 &#x1f609;.<\/div>\n<div dir=\"ltr\"><\/div>\n<div dir=\"ltr\">\n\n\t\t<style type=\"text\/css\">\n\t\t\t#gallery-1 {\n\t\t\t\tmargin: auto;\n\t\t\t}\n\t\t\t#gallery-1 .gallery-item {\n\t\t\t\tfloat: left;\n\t\t\t\tmargin-top: 10px;\n\t\t\t\ttext-align: center;\n\t\t\t\twidth: 33%;\n\t\t\t}\n\t\t\t#gallery-1 img {\n\t\t\t\tborder: 2px solid #cfcfcf;\n\t\t\t}\n\t\t\t#gallery-1 .gallery-caption {\n\t\t\t\tmargin-left: 0;\n\t\t\t}\n\t\t\t\/* see gallery_shortcode() in wp-includes\/media.php *\/\n\t\t<\/style>\n\t\t<div id='gallery-1' class='gallery galleryid-156397 gallery-columns-3 gallery-size-medium'><dl class='gallery-item'>\n\t\t\t<dt class='gallery-icon landscape'>\n\t\t\t\t<a href='https:\/\/www.es-karlsruhe.eu\/wp-content\/uploads\/2024\/05\/original-DC53377D-63B8-4EF7-976F-91FDAF554E14.jpeg'><img loading=\"lazy\" decoding=\"async\" width=\"300\" height=\"300\" src=\"https:\/\/www.es-karlsruhe.eu\/wp-content\/uploads\/2024\/05\/original-DC53377D-63B8-4EF7-976F-91FDAF554E14-300x300.jpeg\" class=\"attachment-medium size-medium\" alt=\"\" srcset=\"https:\/\/www.es-karlsruhe.eu\/wp-content\/uploads\/2024\/05\/original-DC53377D-63B8-4EF7-976F-91FDAF554E14-300x300.jpeg 300w, https:\/\/www.es-karlsruhe.eu\/wp-content\/uploads\/2024\/05\/original-DC53377D-63B8-4EF7-976F-91FDAF554E14-1024x1024.jpeg 1024w, https:\/\/www.es-karlsruhe.eu\/wp-content\/uploads\/2024\/05\/original-DC53377D-63B8-4EF7-976F-91FDAF554E14-150x150.jpeg 150w, https:\/\/www.es-karlsruhe.eu\/wp-content\/uploads\/2024\/05\/original-DC53377D-63B8-4EF7-976F-91FDAF554E14-768x768.jpeg 768w, https:\/\/www.es-karlsruhe.eu\/wp-content\/uploads\/2024\/05\/original-DC53377D-63B8-4EF7-976F-91FDAF554E14-1536x1536.jpeg 1536w, https:\/\/www.es-karlsruhe.eu\/wp-content\/uploads\/2024\/05\/original-DC53377D-63B8-4EF7-976F-91FDAF554E14-125x125.jpeg 125w, https:\/\/www.es-karlsruhe.eu\/wp-content\/uploads\/2024\/05\/original-DC53377D-63B8-4EF7-976F-91FDAF554E14.jpeg 1800w\" sizes=\"auto, (max-width: 300px) 100vw, 300px\" \/><\/a>\n\t\t\t<\/dt><\/dl><dl class='gallery-item'>\n\t\t\t<dt class='gallery-icon portrait'>\n\t\t\t\t<a href='https:\/\/www.es-karlsruhe.eu\/wp-content\/uploads\/2024\/05\/original-234F1FD0-71F1-4F37-B3A8-DA6C15942FED.jpeg'><img loading=\"lazy\" decoding=\"async\" width=\"240\" height=\"300\" src=\"https:\/\/www.es-karlsruhe.eu\/wp-content\/uploads\/2024\/05\/original-234F1FD0-71F1-4F37-B3A8-DA6C15942FED-240x300.jpeg\" class=\"attachment-medium size-medium\" alt=\"\" srcset=\"https:\/\/www.es-karlsruhe.eu\/wp-content\/uploads\/2024\/05\/original-234F1FD0-71F1-4F37-B3A8-DA6C15942FED-240x300.jpeg 240w, https:\/\/www.es-karlsruhe.eu\/wp-content\/uploads\/2024\/05\/original-234F1FD0-71F1-4F37-B3A8-DA6C15942FED-819x1024.jpeg 819w, https:\/\/www.es-karlsruhe.eu\/wp-content\/uploads\/2024\/05\/original-234F1FD0-71F1-4F37-B3A8-DA6C15942FED-768x961.jpeg 768w, https:\/\/www.es-karlsruhe.eu\/wp-content\/uploads\/2024\/05\/original-234F1FD0-71F1-4F37-B3A8-DA6C15942FED-1228x1536.jpeg 1228w, https:\/\/www.es-karlsruhe.eu\/wp-content\/uploads\/2024\/05\/original-234F1FD0-71F1-4F37-B3A8-DA6C15942FED.jpeg 1439w\" sizes=\"auto, (max-width: 240px) 100vw, 240px\" \/><\/a>\n\t\t\t<\/dt><\/dl>\n\t\t\t<br style='clear: both' \/>\n\t\t<\/div>\n\n<\/div>\n","protected":false},"excerpt":{"rendered":"<p>Pour c\u00e9l\u00e9brer le 9 mai, les enfants de P1-2F ont r\u00e9alis\u00e9 diff\u00e9rents d\u00e9fis sur les drapeaux europ\u00e9ens. Utiliser les IPad pour retrouver leurs couleurs, \u00a0les placer sur une carte et<a class=\"excerpt-read-more\" href=\"https:\/\/www.es-karlsruhe.eu\/de\/9-mai-p1-2f\/\" title=\"Lesen9 mai P1-2F\">\u2026 weiterlesen &raquo;<\/a><\/p>\n","protected":false},"author":13,"featured_media":156394,"comment_status":"closed","ping_status":"open","sticky":false,"template":"","format":"standard","meta":{"footnotes":""},"categories":[95,98],"tags":[],"class_list":["post-156397","post","type-post","status-publish","format-standard","has-post-thumbnail","hentry","category-primary","category-international"],"_links":{"self":[{"href":"https:\/\/www.es-karlsruhe.eu\/de\/wp-json\/wp\/v2\/posts\/156397","targetHints":{"allow":["GET"]}}],"collection":[{"href":"https:\/\/www.es-karlsruhe.eu\/de\/wp-json\/wp\/v2\/posts"}],"about":[{"href":"https:\/\/www.es-karlsruhe.eu\/de\/wp-json\/wp\/v2\/types\/post"}],"author":[{"embeddable":true,"href":"https:\/\/www.es-karlsruhe.eu\/de\/wp-json\/wp\/v2\/users\/13"}],"replies":[{"embeddable":true,"href":"https:\/\/www.es-karlsruhe.eu\/de\/wp-json\/wp\/v2\/comments?post=156397"}],"version-history":[{"count":1,"href":"https:\/\/www.es-karlsruhe.eu\/de\/wp-json\/wp\/v2\/posts\/156397\/revisions"}],"predecessor-version":[{"id":156400,"href":"https:\/\/www.es-karlsruhe.eu\/de\/wp-json\/wp\/v2\/posts\/156397\/revisions\/156400"}],"wp:featuredmedia":[{"embeddable":true,"href":"https:\/\/www.es-karlsruhe.eu\/de\/wp-json\/wp\/v2\/media\/156394"}],"wp:attachment":[{"href":"https:\/\/www.es-karlsruhe.eu\/de\/wp-json\/wp\/v2\/media?parent=156397"}],"wp:term":[{"taxonomy":"category","embeddable":true,"href":"https:\/\/www.es-karlsruhe.eu\/de\/wp-json\/wp\/v2\/categories?post=156397"},{"taxonomy":"post_tag","embeddable":true,"href":"https:\/\/www.es-karlsruhe.eu\/de\/wp-json\/wp\/v2\/tags?post=156397"}],"curies":[{"name":"wp","href":"https:\/\/api.w.org\/{rel}","templated":true}]}}