{"id":60124,"date":"2019-10-07T11:07:55","date_gmt":"2019-10-07T09:07:55","guid":{"rendered":"https:\/\/www.es-karlsruhe.eu\/?p=60124"},"modified":"2019-10-11T12:18:30","modified_gmt":"2019-10-11T10:18:30","slug":"esk-stellt-ihr-challenge-programm-vor","status":"publish","type":"post","link":"https:\/\/www.es-karlsruhe.eu\/de\/esk-stellt-ihr-challenge-programm-vor\/","title":{"rendered":"ESK stellt ihr Challenge Programm vor"},"content":{"rendered":"<p>Das Challenge-Programm ist eine Gelegenheit f\u00fcr begabte, aber auch talentierte und motivierte Sch\u00fcler, ihr Potenzial durch zus\u00e4tzliche Aktivit\u00e4ten und Projekte zu entwickeln. An der Europ\u00e4ischen Schule Karlsruhe ist das Challenge-Programm Teil des Supports.<\/p>\n<p>&nbsp;<\/p>\n","protected":false},"excerpt":{"rendered":"<p>Das Challenge-Programm ist eine Gelegenheit f\u00fcr begabte, aber auch talentierte und motivierte Sch\u00fcler, ihr Potenzial durch zus\u00e4tzliche Aktivit\u00e4ten und Projekte zu entwickeln. An der Europ\u00e4ischen Schule Karlsruhe ist das Challenge-Programm<a class=\"excerpt-read-more\" href=\"https:\/\/www.es-karlsruhe.eu\/de\/esk-stellt-ihr-challenge-programm-vor\/\" title=\"LesenESK stellt ihr Challenge Programm vor\">\u2026 weiterlesen &raquo;<\/a><\/p>\n","protected":false},"author":4,"featured_media":58921,"comment_status":"closed","ping_status":"open","sticky":false,"template":"","format":"standard","meta":{"footnotes":""},"categories":[97,95,18,96],"tags":[],"class_list":["post-60124","post","type-post","status-publish","format-standard","has-post-thumbnail","hentry","category-esk-and-europe","category-primary","category-nursery","category-secondary"],"_links":{"self":[{"href":"https:\/\/www.es-karlsruhe.eu\/de\/wp-json\/wp\/v2\/posts\/60124","targetHints":{"allow":["GET"]}}],"collection":[{"href":"https:\/\/www.es-karlsruhe.eu\/de\/wp-json\/wp\/v2\/posts"}],"about":[{"href":"https:\/\/www.es-karlsruhe.eu\/de\/wp-json\/wp\/v2\/types\/post"}],"author":[{"embeddable":true,"href":"https:\/\/www.es-karlsruhe.eu\/de\/wp-json\/wp\/v2\/users\/4"}],"replies":[{"embeddable":true,"href":"https:\/\/www.es-karlsruhe.eu\/de\/wp-json\/wp\/v2\/comments?post=60124"}],"version-history":[{"count":1,"href":"https:\/\/www.es-karlsruhe.eu\/de\/wp-json\/wp\/v2\/posts\/60124\/revisions"}],"predecessor-version":[{"id":60125,"href":"https:\/\/www.es-karlsruhe.eu\/de\/wp-json\/wp\/v2\/posts\/60124\/revisions\/60125"}],"wp:featuredmedia":[{"embeddable":true,"href":"https:\/\/www.es-karlsruhe.eu\/de\/wp-json\/wp\/v2\/media\/58921"}],"wp:attachment":[{"href":"https:\/\/www.es-karlsruhe.eu\/de\/wp-json\/wp\/v2\/media?parent=60124"}],"wp:term":[{"taxonomy":"category","embeddable":true,"href":"https:\/\/www.es-karlsruhe.eu\/de\/wp-json\/wp\/v2\/categories?post=60124"},{"taxonomy":"post_tag","embeddable":true,"href":"https:\/\/www.es-karlsruhe.eu\/de\/wp-json\/wp\/v2\/tags?post=60124"}],"curies":[{"name":"wp","href":"https:\/\/api.w.org\/{rel}","templated":true}]}}