{"id":60137,"date":"2019-10-07T11:25:26","date_gmt":"2019-10-07T09:25:26","guid":{"rendered":"https:\/\/www.es-karlsruhe.eu\/?p=60137"},"modified":"2019-10-07T11:25:26","modified_gmt":"2019-10-07T09:25:26","slug":"feier-des-europaeischen-tag-der-sprachen-an-der-sekundarschule","status":"publish","type":"post","link":"https:\/\/www.es-karlsruhe.eu\/de\/feier-des-europaeischen-tag-der-sprachen-an-der-sekundarschule\/","title":{"rendered":"Feier des Europ\u00e4ischen Tag der Sprachen an der Sekundarschule"},"content":{"rendered":"<p>Am 26. September feierten die Lehrkr\u00e4fte der Sekundarschule den Europ\u00e4ischen Tag der Sprachen: Mit \u00fcber 53 Projekte konnten die Sch\u00fcler gemeinsam (oder mit ihren LehrerInnen), die Sprachenvielfalt sch\u00e4tzen \u2013 besonders bei den 15 in der ESK unterrichteten Sprachen!<\/p>\n<p>Die Er\u00f6ffnungsfeier in der Aula stand unter dem Motto \u201eEinheit in der Vielfalt\u201c. Zahlreiche Lieder wurden dar\u00fcber gesungen.<\/p>\n<p>Ein festlicher und europ\u00e4ischer Moment zu Beginn des Schuljahres!<\/p>\n","protected":false},"excerpt":{"rendered":"<p>Am 26. September feierten die Lehrkr\u00e4fte der Sekundarschule den Europ\u00e4ischen Tag der Sprachen: Mit \u00fcber 53 Projekte konnten die Sch\u00fcler gemeinsam (oder mit ihren LehrerInnen), die Sprachenvielfalt sch\u00e4tzen \u2013 besonders<a class=\"excerpt-read-more\" href=\"https:\/\/www.es-karlsruhe.eu\/de\/feier-des-europaeischen-tag-der-sprachen-an-der-sekundarschule\/\" title=\"LesenFeier des Europ\u00e4ischen Tag der Sprachen an der Sekundarschule\">\u2026 weiterlesen &raquo;<\/a><\/p>\n","protected":false},"author":4,"featured_media":60131,"comment_status":"closed","ping_status":"open","sticky":false,"template":"","format":"standard","meta":{"footnotes":""},"categories":[97,98,96],"tags":[],"class_list":["post-60137","post","type-post","status-publish","format-standard","has-post-thumbnail","hentry","category-esk-and-europe","category-international","category-secondary"],"_links":{"self":[{"href":"https:\/\/www.es-karlsruhe.eu\/de\/wp-json\/wp\/v2\/posts\/60137","targetHints":{"allow":["GET"]}}],"collection":[{"href":"https:\/\/www.es-karlsruhe.eu\/de\/wp-json\/wp\/v2\/posts"}],"about":[{"href":"https:\/\/www.es-karlsruhe.eu\/de\/wp-json\/wp\/v2\/types\/post"}],"author":[{"embeddable":true,"href":"https:\/\/www.es-karlsruhe.eu\/de\/wp-json\/wp\/v2\/users\/4"}],"replies":[{"embeddable":true,"href":"https:\/\/www.es-karlsruhe.eu\/de\/wp-json\/wp\/v2\/comments?post=60137"}],"version-history":[{"count":1,"href":"https:\/\/www.es-karlsruhe.eu\/de\/wp-json\/wp\/v2\/posts\/60137\/revisions"}],"predecessor-version":[{"id":60138,"href":"https:\/\/www.es-karlsruhe.eu\/de\/wp-json\/wp\/v2\/posts\/60137\/revisions\/60138"}],"wp:featuredmedia":[{"embeddable":true,"href":"https:\/\/www.es-karlsruhe.eu\/de\/wp-json\/wp\/v2\/media\/60131"}],"wp:attachment":[{"href":"https:\/\/www.es-karlsruhe.eu\/de\/wp-json\/wp\/v2\/media?parent=60137"}],"wp:term":[{"taxonomy":"category","embeddable":true,"href":"https:\/\/www.es-karlsruhe.eu\/de\/wp-json\/wp\/v2\/categories?post=60137"},{"taxonomy":"post_tag","embeddable":true,"href":"https:\/\/www.es-karlsruhe.eu\/de\/wp-json\/wp\/v2\/tags?post=60137"}],"curies":[{"name":"wp","href":"https:\/\/api.w.org\/{rel}","templated":true}]}}