{"id":61317,"date":"2019-10-18T09:21:22","date_gmt":"2019-10-18T07:21:22","guid":{"rendered":"https:\/\/www.es-karlsruhe.eu\/?p=61317"},"modified":"2019-10-18T09:24:35","modified_gmt":"2019-10-18T07:24:35","slug":"61317","status":"publish","type":"post","link":"https:\/\/www.es-karlsruhe.eu\/de\/61317\/","title":{"rendered":"Reise nach Valencia\/ Viaje a Valencia"},"content":{"rendered":"<p>F\u00fcr Donnerstag stand ein Besuch in Albufera, ein Naturpark in der N\u00e4he Valencias, auf dem Programm. Da dieser etwas au\u00dferhalb Valencias liegt, fuhren wir dort mit dem Bus hin. Als die ganze Gruppe sich erfolgreich in den Bus gezw\u00e4ngt hatten, machten wir gut gelaunt, mit der angenehmen spanischen Sonne im R\u00fccken eine Radtour durch den Naturpark. Unser freundlicher F\u00fchrer belehrte uns \u00fcber die Vegetation und die Entstehung des Naturparks. Das erlebt man nicht jeden Tag, mit der ganzen Klasse auf dem Fahrrad unterwegs zu sein! Dazu haben wir, alle mit Strohh\u00fcten gewappnet, eine Bootstour auf dem nur ein Meter tiefem Wasser gemacht, in dem es von Aalen gewimmelt hat und es ab und zu sogar Fische gab, die mit hohem Bogen aus dem Wasser sprangen.<br \/>\nAls n\u00e4chstes war Paella essen angesagt, dass eigentlich ein Muss ist, wenn man Spanien besucht. Gut gest\u00e4rkt durch das 3-G\u00e4nge spanische Men\u00fc ging es dann weiter zum Strand. Im Vergleich zu den Str\u00e4nden direkt neben der Innenstadt von Valencia, sind die in Albufera nicht \u00fcberlaufen und haben tolles, mittelblaues Meerwasser. Unsere \u201eTourguides\u201c hatten ein Fu\u00dfball- und Volleyballfeld f\u00fcr uns aufgebaut, das wir freudig nutzten. Als wir dann noch im Meer schwammen, war der Tag nahezu perfekt: eine super Mischung aus Sport, Erholung und Kultur. Wir waren begeistert!<br \/>\nAm letzten Tag ging es, nachdem wir ausgecheckt hatten, ein letztes Mal in die Innenstadt von Valencia. Ein letztes Mal erkundeten wir die Stadt auf eigene Faust. Shopping, Kirchen besuchen, Tapas essen, entspannt im Caf\u00e9 sitzen\u2026 alles war dabei. Wieder einmal war das Wetter optimal und wir hatten einen durch und durch tollen letzten Tag in Valencia. Als es dann nachmittags Zeit war zum Flughafen zu gehen, meinten wir alle, dass wir gerne noch l\u00e4nger geblieben w\u00e4ren. So wie das Sprichwort aber besagt: \u201ealle guten Dinge haben ein Ende\u201c :).<\/p>\n<p>Nochmals vielen Dank an Herr Baensch, Frau Gallego-Perez und Herr Fastner f\u00fcr diese tolle Klassenfahrt!<\/p>\n<p>(von Luisa Vo\u00df)<\/p>\n<p>&nbsp;<\/p>\n<p>&#8220; Viaje a Valencia&#8220;<\/p>\n<p>Fuimos en avi\u00f3n a Valencia la \u00faltima semana de septiembre; Llegamos un domingo por la tarde, nos alojamos en un hostel justo en el centro y por la noche salimos a cenar por el centro de la ciudad.<br \/>\nAl d\u00eda siguiente hicimos un juego para conocer la ciudad en grupos y por la tarde un tour de &#8222;Street Art&#8220; con dos guias muy simp\u00e1ticos.<br \/>\nEl martes nos fuimos a la playa y nos quedamos all\u00ed hasta la tarde, jugamos al volleyball y tomamos el sol. Adem\u00e1s ese d\u00eda comimos tortilla de patata (que hicimos juntos en el hostel) y pan con tomate.<br \/>\nEl mi\u00e9rcoles fuimos al &#8222;Museo de las Artes y Ciencias&#8220; y el acuario &#8220; Oceanografic&#8220;. Era muy interesante, asistimos a un show de delfines y m\u00e1s tarde vimos unos documentales de naturaleza en 3D y 4D.<br \/>\nEl jueves visitamos &#8222;La Albufera&#8220; una reserva natural, hicimos una ruta en bici y luego en barco en un lago (donde est\u00e1n los arrozales), comimos una paella t\u00edpica y para terminar el d\u00eda fuimos a la playa. Era un dia muy bonito.<br \/>\nEl viernes fuimos de compras, comimos y por la tarde al aeropuerto.<br \/>\nHizo muy buen tiempo, tuvimos suerte con sol y calor. La comida estaba muy rica! El viaje nos guso a todos, la verdad un recuerdo que nunca se olvidar\u00e1!.<br \/>\n(por Carol Amin)<\/p>\n\n\t\t<style type=\"text\/css\">\n\t\t\t#gallery-1 {\n\t\t\t\tmargin: auto;\n\t\t\t}\n\t\t\t#gallery-1 .gallery-item {\n\t\t\t\tfloat: left;\n\t\t\t\tmargin-top: 10px;\n\t\t\t\ttext-align: center;\n\t\t\t\twidth: 33%;\n\t\t\t}\n\t\t\t#gallery-1 img {\n\t\t\t\tborder: 2px solid #cfcfcf;\n\t\t\t}\n\t\t\t#gallery-1 .gallery-caption {\n\t\t\t\tmargin-left: 0;\n\t\t\t}\n\t\t\t\/* see gallery_shortcode() in wp-includes\/media.php *\/\n\t\t<\/style>\n\t\t<div id='gallery-1' class='gallery galleryid-61317 gallery-columns-3 gallery-size-medium'><dl class='gallery-item'>\n\t\t\t<dt class='gallery-icon landscape'>\n\t\t\t\t<a href='https:\/\/www.es-karlsruhe.eu\/wp-content\/uploads\/2019\/10\/Valencia_03.jpg'><img loading=\"lazy\" decoding=\"async\" width=\"300\" height=\"225\" src=\"https:\/\/www.es-karlsruhe.eu\/wp-content\/uploads\/2019\/10\/Valencia_03-300x225.jpg\" class=\"attachment-medium size-medium\" alt=\"\" srcset=\"https:\/\/www.es-karlsruhe.eu\/wp-content\/uploads\/2019\/10\/Valencia_03-300x225.jpg 300w, https:\/\/www.es-karlsruhe.eu\/wp-content\/uploads\/2019\/10\/Valencia_03-768x576.jpg 768w, https:\/\/www.es-karlsruhe.eu\/wp-content\/uploads\/2019\/10\/Valencia_03-1024x768.jpg 1024w\" sizes=\"auto, (max-width: 300px) 100vw, 300px\" \/><\/a>\n\t\t\t<\/dt><\/dl><dl class='gallery-item'>\n\t\t\t<dt class='gallery-icon landscape'>\n\t\t\t\t<a href='https:\/\/www.es-karlsruhe.eu\/wp-content\/uploads\/2019\/10\/Valencia_02.jpg'><img loading=\"lazy\" decoding=\"async\" width=\"300\" height=\"225\" src=\"https:\/\/www.es-karlsruhe.eu\/wp-content\/uploads\/2019\/10\/Valencia_02-300x225.jpg\" class=\"attachment-medium size-medium\" alt=\"\" srcset=\"https:\/\/www.es-karlsruhe.eu\/wp-content\/uploads\/2019\/10\/Valencia_02-300x225.jpg 300w, https:\/\/www.es-karlsruhe.eu\/wp-content\/uploads\/2019\/10\/Valencia_02-768x576.jpg 768w, https:\/\/www.es-karlsruhe.eu\/wp-content\/uploads\/2019\/10\/Valencia_02-1024x768.jpg 1024w\" sizes=\"auto, (max-width: 300px) 100vw, 300px\" \/><\/a>\n\t\t\t<\/dt><\/dl>\n\t\t\t<br style='clear: both' \/>\n\t\t<\/div>\n\n","protected":false},"excerpt":{"rendered":"<p>F\u00fcr Donnerstag stand ein Besuch in Albufera, ein Naturpark in der N\u00e4he Valencias, auf dem Programm. Da dieser etwas au\u00dferhalb Valencias liegt, fuhren wir dort mit dem Bus hin. Als<a class=\"excerpt-read-more\" href=\"https:\/\/www.es-karlsruhe.eu\/de\/61317\/\" title=\"LesenReise nach Valencia\/ Viaje a Valencia\">\u2026 weiterlesen &raquo;<\/a><\/p>\n","protected":false},"author":4,"featured_media":61304,"comment_status":"closed","ping_status":"open","sticky":false,"template":"","format":"standard","meta":{"footnotes":""},"categories":[97,98,96],"tags":[],"class_list":["post-61317","post","type-post","status-publish","format-standard","has-post-thumbnail","hentry","category-esk-and-europe","category-international","category-secondary"],"_links":{"self":[{"href":"https:\/\/www.es-karlsruhe.eu\/de\/wp-json\/wp\/v2\/posts\/61317","targetHints":{"allow":["GET"]}}],"collection":[{"href":"https:\/\/www.es-karlsruhe.eu\/de\/wp-json\/wp\/v2\/posts"}],"about":[{"href":"https:\/\/www.es-karlsruhe.eu\/de\/wp-json\/wp\/v2\/types\/post"}],"author":[{"embeddable":true,"href":"https:\/\/www.es-karlsruhe.eu\/de\/wp-json\/wp\/v2\/users\/4"}],"replies":[{"embeddable":true,"href":"https:\/\/www.es-karlsruhe.eu\/de\/wp-json\/wp\/v2\/comments?post=61317"}],"version-history":[{"count":4,"href":"https:\/\/www.es-karlsruhe.eu\/de\/wp-json\/wp\/v2\/posts\/61317\/revisions"}],"predecessor-version":[{"id":61323,"href":"https:\/\/www.es-karlsruhe.eu\/de\/wp-json\/wp\/v2\/posts\/61317\/revisions\/61323"}],"wp:featuredmedia":[{"embeddable":true,"href":"https:\/\/www.es-karlsruhe.eu\/de\/wp-json\/wp\/v2\/media\/61304"}],"wp:attachment":[{"href":"https:\/\/www.es-karlsruhe.eu\/de\/wp-json\/wp\/v2\/media?parent=61317"}],"wp:term":[{"taxonomy":"category","embeddable":true,"href":"https:\/\/www.es-karlsruhe.eu\/de\/wp-json\/wp\/v2\/categories?post=61317"},{"taxonomy":"post_tag","embeddable":true,"href":"https:\/\/www.es-karlsruhe.eu\/de\/wp-json\/wp\/v2\/tags?post=61317"}],"curies":[{"name":"wp","href":"https:\/\/api.w.org\/{rel}","templated":true}]}}