{"id":9129,"date":"2018-02-22T11:32:46","date_gmt":"2018-02-22T10:32:46","guid":{"rendered":"https:\/\/www.es-karlsruhe.eu\/?p=9129"},"modified":"2018-03-21T13:56:11","modified_gmt":"2018-03-21T12:56:11","slug":"tag-der-offenen-tuer-17-maerz-2018-9-30-14-uhr","status":"publish","type":"post","link":"https:\/\/www.es-karlsruhe.eu\/de\/tag-der-offenen-tuer-17-maerz-2018-9-30-14-uhr\/","title":{"rendered":"Tag der offenen T\u00fcr! 17. M\u00e4rz 2018, 9.30-14 Uhr"},"content":{"rendered":"<p><a href=\"https:\/\/www.es-karlsruhe.eu\/wp-content\/uploads\/2018\/03\/OpenDay_Programme_ESK.pdf\">Tag der offenen T\u00fcr: Programm<\/a><\/p>\n<p>Die Europ\u00e4ische Schule Karlsruhe l\u00e4dt alle Interessierten zum Tag der offenen T\u00fcr ein. An diesem Tag haben Sie die M\u00f6glichkeit, den gesamten Campus zu besuchen und mehr \u00fcber interessante Projekte der Sch\u00fcler zu erfahren.<\/p>\n<p>Auch werden Sie sich mit den qualifizierten muttersprachlichen Lehrern des Kindergartens, der Grund- und Sekundarschule austauschen k\u00f6nnen.<br \/>\nDas Verwaltungspersonal wird Sie im Informationszentrum (Aula) empfangen, um all Ihre Fragen zu beantworten und Ihnen detaillierte Informationen zur Anmeldung zu geben.<\/p>\n<p>&nbsp;<\/p>\n<p>Wir freuen uns Sie pers\u00f6nlich begr\u00fc\u00dfen zu d\u00fcrfen!<\/p>\n","protected":false},"excerpt":{"rendered":"<p>Tag der offenen T\u00fcr: Programm Die Europ\u00e4ische Schule Karlsruhe l\u00e4dt alle Interessierten zum Tag der offenen T\u00fcr ein. An diesem Tag haben Sie die M\u00f6glichkeit, den gesamten Campus zu besuchen<a class=\"excerpt-read-more\" href=\"https:\/\/www.es-karlsruhe.eu\/de\/tag-der-offenen-tuer-17-maerz-2018-9-30-14-uhr\/\" title=\"LesenTag der offenen T\u00fcr! 17. M\u00e4rz 2018, 9.30-14 Uhr\">\u2026 weiterlesen &raquo;<\/a><\/p>\n","protected":false},"author":4,"featured_media":9123,"comment_status":"closed","ping_status":"open","sticky":false,"template":"","format":"standard","meta":{"footnotes":""},"categories":[97,95,98,18,96],"tags":[],"class_list":["post-9129","post","type-post","status-publish","format-standard","has-post-thumbnail","hentry","category-esk-and-europe","category-primary","category-international","category-nursery","category-secondary"],"_links":{"self":[{"href":"https:\/\/www.es-karlsruhe.eu\/de\/wp-json\/wp\/v2\/posts\/9129","targetHints":{"allow":["GET"]}}],"collection":[{"href":"https:\/\/www.es-karlsruhe.eu\/de\/wp-json\/wp\/v2\/posts"}],"about":[{"href":"https:\/\/www.es-karlsruhe.eu\/de\/wp-json\/wp\/v2\/types\/post"}],"author":[{"embeddable":true,"href":"https:\/\/www.es-karlsruhe.eu\/de\/wp-json\/wp\/v2\/users\/4"}],"replies":[{"embeddable":true,"href":"https:\/\/www.es-karlsruhe.eu\/de\/wp-json\/wp\/v2\/comments?post=9129"}],"version-history":[{"count":3,"href":"https:\/\/www.es-karlsruhe.eu\/de\/wp-json\/wp\/v2\/posts\/9129\/revisions"}],"predecessor-version":[{"id":11725,"href":"https:\/\/www.es-karlsruhe.eu\/de\/wp-json\/wp\/v2\/posts\/9129\/revisions\/11725"}],"wp:featuredmedia":[{"embeddable":true,"href":"https:\/\/www.es-karlsruhe.eu\/de\/wp-json\/wp\/v2\/media\/9123"}],"wp:attachment":[{"href":"https:\/\/www.es-karlsruhe.eu\/de\/wp-json\/wp\/v2\/media?parent=9129"}],"wp:term":[{"taxonomy":"category","embeddable":true,"href":"https:\/\/www.es-karlsruhe.eu\/de\/wp-json\/wp\/v2\/categories?post=9129"},{"taxonomy":"post_tag","embeddable":true,"href":"https:\/\/www.es-karlsruhe.eu\/de\/wp-json\/wp\/v2\/tags?post=9129"}],"curies":[{"name":"wp","href":"https:\/\/api.w.org\/{rel}","templated":true}]}}