{"id":106005,"date":"2021-12-07T11:52:44","date_gmt":"2021-12-07T10:52:44","guid":{"rendered":"https:\/\/www.es-karlsruhe.eu\/sortie-des-p5-au-musee-de-la-technique-de-spire\/"},"modified":"2021-12-07T11:53:06","modified_gmt":"2021-12-07T10:53:06","slug":"sortie-des-p5-au-musee-de-la-technique-de-spire","status":"publish","type":"post","link":"https:\/\/www.es-karlsruhe.eu\/fr\/sortie-des-p5-au-musee-de-la-technique-de-spire\/","title":{"rendered":"Sortie des P5 au Mus\u00e9e de la Technique de Spire"},"content":{"rendered":"<p>Ce mardi 23 novembre 2021, les classes de 5F, 5E et 5Da\/Db, se sont rendues au mus\u00e9e de la Technique de Spire dans le Palatinat. Ce fut l\u00b4occasion de parfaire toutes les connaisances acquises dans le domaine de la technologie, th\u00e8me abord\u00e9 durant le cours de DDM.<\/p>\n<p>Avions, voitures, sous-marins, h\u00e9licopt\u00e8res, fus\u00e9es, motos, trains et autres camions de pompiers, il y en avait vraiment pour tous les go\u00fbts!<\/p>\n<p>La s\u00e9ance de cin\u00e9ma Imax consacr\u00e9e au film Apollo 11 et retracant l\u00b4\u00e9pop\u00e9e de la conqu\u00eate de la Lune par les Am\u00e9ricains en 1969\u00a0 fut tr\u00e8s appr\u00e9ci\u00e9e.<\/p>\n<p>Tous garderont un souvenir imp\u00e9rissable de cette belle journ\u00e9e et ont maintenant toutes les cartes en\u00a0 main pour r\u00e9aliser le char \u00e0 voile, projet final de cette p\u00e9riode de D\u00e9couverte du Monde.<\/p>\n\n\t\t<style type=\"text\/css\">\n\t\t\t#gallery-1 {\n\t\t\t\tmargin: auto;\n\t\t\t}\n\t\t\t#gallery-1 .gallery-item {\n\t\t\t\tfloat: left;\n\t\t\t\tmargin-top: 10px;\n\t\t\t\ttext-align: center;\n\t\t\t\twidth: 33%;\n\t\t\t}\n\t\t\t#gallery-1 img {\n\t\t\t\tborder: 2px solid #cfcfcf;\n\t\t\t}\n\t\t\t#gallery-1 .gallery-caption {\n\t\t\t\tmargin-left: 0;\n\t\t\t}\n\t\t\t\/* see gallery_shortcode() in wp-includes\/media.php *\/\n\t\t<\/style>\n\t\t<div id='gallery-1' class='gallery galleryid-106005 gallery-columns-3 gallery-size-medium'><dl class='gallery-item'>\n\t\t\t<dt class='gallery-icon portrait'>\n\t\t\t\t<a href='https:\/\/www.es-karlsruhe.eu\/wp-content\/uploads\/2021\/12\/thumbnail_IMG_5811.jpg'><img loading=\"lazy\" decoding=\"async\" width=\"225\" height=\"300\" src=\"https:\/\/www.es-karlsruhe.eu\/wp-content\/uploads\/2021\/12\/thumbnail_IMG_5811-225x300.jpg\" class=\"attachment-medium size-medium\" alt=\"\" srcset=\"https:\/\/www.es-karlsruhe.eu\/wp-content\/uploads\/2021\/12\/thumbnail_IMG_5811-225x300.jpg 225w, https:\/\/www.es-karlsruhe.eu\/wp-content\/uploads\/2021\/12\/thumbnail_IMG_5811-768x1024.jpg 768w, https:\/\/www.es-karlsruhe.eu\/wp-content\/uploads\/2021\/12\/thumbnail_IMG_5811.jpg 960w\" sizes=\"auto, (max-width: 225px) 100vw, 225px\" \/><\/a>\n\t\t\t<\/dt><\/dl><dl class='gallery-item'>\n\t\t\t<dt class='gallery-icon portrait'>\n\t\t\t\t<a href='https:\/\/www.es-karlsruhe.eu\/wp-content\/uploads\/2021\/12\/thumbnail_IMG_5809.jpg'><img loading=\"lazy\" decoding=\"async\" width=\"225\" height=\"300\" src=\"https:\/\/www.es-karlsruhe.eu\/wp-content\/uploads\/2021\/12\/thumbnail_IMG_5809-225x300.jpg\" class=\"attachment-medium size-medium\" alt=\"\" srcset=\"https:\/\/www.es-karlsruhe.eu\/wp-content\/uploads\/2021\/12\/thumbnail_IMG_5809-225x300.jpg 225w, https:\/\/www.es-karlsruhe.eu\/wp-content\/uploads\/2021\/12\/thumbnail_IMG_5809-768x1024.jpg 768w, https:\/\/www.es-karlsruhe.eu\/wp-content\/uploads\/2021\/12\/thumbnail_IMG_5809.jpg 960w\" sizes=\"auto, (max-width: 225px) 100vw, 225px\" \/><\/a>\n\t\t\t<\/dt><\/dl>\n\t\t\t<br style='clear: both' \/>\n\t\t<\/div>\n\n","protected":false},"excerpt":{"rendered":"<p>Ce mardi 23 novembre 2021, les classes de 5F, 5E et 5Da\/Db, se sont rendues au mus\u00e9e de la Technique de Spire dans le Palatinat. Ce fut l\u00b4occasion de parfaire<a class=\"excerpt-read-more\" href=\"https:\/\/www.es-karlsruhe.eu\/fr\/sortie-des-p5-au-musee-de-la-technique-de-spire\/\" title=\"LireSortie des P5 au Mus\u00e9e de la Technique de Spire\">&#8230; Read more &raquo;<\/a><\/p>\n","protected":false},"author":4,"featured_media":105995,"comment_status":"closed","ping_status":"open","sticky":false,"template":"","format":"standard","meta":{"footnotes":""},"categories":[17],"tags":[],"class_list":["post-106005","post","type-post","status-publish","format-standard","has-post-thumbnail","hentry","category-primary"],"_links":{"self":[{"href":"https:\/\/www.es-karlsruhe.eu\/fr\/wp-json\/wp\/v2\/posts\/106005","targetHints":{"allow":["GET"]}}],"collection":[{"href":"https:\/\/www.es-karlsruhe.eu\/fr\/wp-json\/wp\/v2\/posts"}],"about":[{"href":"https:\/\/www.es-karlsruhe.eu\/fr\/wp-json\/wp\/v2\/types\/post"}],"author":[{"embeddable":true,"href":"https:\/\/www.es-karlsruhe.eu\/fr\/wp-json\/wp\/v2\/users\/4"}],"replies":[{"embeddable":true,"href":"https:\/\/www.es-karlsruhe.eu\/fr\/wp-json\/wp\/v2\/comments?post=106005"}],"version-history":[{"count":1,"href":"https:\/\/www.es-karlsruhe.eu\/fr\/wp-json\/wp\/v2\/posts\/106005\/revisions"}],"predecessor-version":[{"id":106008,"href":"https:\/\/www.es-karlsruhe.eu\/fr\/wp-json\/wp\/v2\/posts\/106005\/revisions\/106008"}],"wp:featuredmedia":[{"embeddable":true,"href":"https:\/\/www.es-karlsruhe.eu\/fr\/wp-json\/wp\/v2\/media\/105995"}],"wp:attachment":[{"href":"https:\/\/www.es-karlsruhe.eu\/fr\/wp-json\/wp\/v2\/media?parent=106005"}],"wp:term":[{"taxonomy":"category","embeddable":true,"href":"https:\/\/www.es-karlsruhe.eu\/fr\/wp-json\/wp\/v2\/categories?post=106005"},{"taxonomy":"post_tag","embeddable":true,"href":"https:\/\/www.es-karlsruhe.eu\/fr\/wp-json\/wp\/v2\/tags?post=106005"}],"curies":[{"name":"wp","href":"https:\/\/api.w.org\/{rel}","templated":true}]}}