{"id":142749,"date":"2023-05-08T12:02:37","date_gmt":"2023-05-08T10:02:37","guid":{"rendered":"https:\/\/www.es-karlsruhe.eu\/zirkuswoche-in-kindergarten-und-grundschule\/"},"modified":"2023-05-08T12:02:37","modified_gmt":"2023-05-08T10:02:37","slug":"zirkuswoche-in-kindergarten-und-grundschule","status":"publish","type":"post","link":"https:\/\/www.es-karlsruhe.eu\/fr\/zirkuswoche-in-kindergarten-und-grundschule\/","title":{"rendered":"ZIRKUSWOCHE in Kindergarten und Grundschule"},"content":{"rendered":"<p>In der letzten Aprilwoche fand im Kindergarten und der Grundschule eine Zirkus-Projektwoche statt.<br \/>\nLos ging es bereits am Sonntag, 23. April, mit dem Aufbau des Zirkuszelts. Mehr als 30 Eltern halfen mit, das gro\u00dfe Zirkuszelt auf der Wiese zwischen Grundschule und Oberschule zu\u00a0errichten.<\/p>\n<p>Mit gro\u00dfer Freude kamen die Kinder am\u00a0Montagmorgen zur Schule. Die Zirkuswoche begann mit einer gemeinsamen Einstimmung im Zirkuszelt &#8211;\u00a0mit\u00a0einer\u00a0kurzen Zirkus-Show der\u00a0Lehrkr\u00e4fte.<\/p>\n<p>Danach ging es los mit dem Zirkustraining. Die Kinder probten von Montag-Mittwoch ihre Kunstst\u00fccke in jahrgangs- und sprachgemischten Zirkusgruppen. Der Donnerstag stand im Zeichen der Generalproben.<\/p>\n<p>H\u00f6hepunkt und Abschluss der Zirkuswoche bildeten am Freitag dann\u00a0die beiden Zirkusauff\u00fchrungen der Kinder. Unter gro\u00dfem Applaus der anwesenden Eltern pr\u00e4sentierten die Kinder, was sie in den Tagen zuvor einge\u00fcbt hatten.<\/p>\n<p>F\u00fcr die Kinder war diese Projektwoche ein gro\u00dfartiges Erlebnis, das sie so schnell nicht vergessen werden.<\/p>\n\n\t\t<style type=\"text\/css\">\n\t\t\t#gallery-1 {\n\t\t\t\tmargin: auto;\n\t\t\t}\n\t\t\t#gallery-1 .gallery-item {\n\t\t\t\tfloat: left;\n\t\t\t\tmargin-top: 10px;\n\t\t\t\ttext-align: center;\n\t\t\t\twidth: 33%;\n\t\t\t}\n\t\t\t#gallery-1 img {\n\t\t\t\tborder: 2px solid #cfcfcf;\n\t\t\t}\n\t\t\t#gallery-1 .gallery-caption {\n\t\t\t\tmargin-left: 0;\n\t\t\t}\n\t\t\t\/* see gallery_shortcode() in wp-includes\/media.php *\/\n\t\t<\/style>\n\t\t<div id='gallery-1' class='gallery galleryid-142749 gallery-columns-3 gallery-size-large'><dl class='gallery-item'>\n\t\t\t<dt class='gallery-icon portrait'>\n\t\t\t\t<a href='https:\/\/www.es-karlsruhe.eu\/wp-content\/uploads\/2023\/05\/ESK-Zirkuswoche-2-300.jpg'><img loading=\"lazy\" decoding=\"async\" width=\"768\" height=\"1024\" src=\"https:\/\/www.es-karlsruhe.eu\/wp-content\/uploads\/2023\/05\/ESK-Zirkuswoche-2-300-768x1024.jpg\" class=\"attachment-large size-large\" alt=\"\" srcset=\"https:\/\/www.es-karlsruhe.eu\/wp-content\/uploads\/2023\/05\/ESK-Zirkuswoche-2-300-768x1024.jpg 768w, https:\/\/www.es-karlsruhe.eu\/wp-content\/uploads\/2023\/05\/ESK-Zirkuswoche-2-300-225x300.jpg 225w, https:\/\/www.es-karlsruhe.eu\/wp-content\/uploads\/2023\/05\/ESK-Zirkuswoche-2-300-1152x1536.jpg 1152w, https:\/\/www.es-karlsruhe.eu\/wp-content\/uploads\/2023\/05\/ESK-Zirkuswoche-2-300.jpg 1500w\" sizes=\"auto, (max-width: 768px) 100vw, 768px\" \/><\/a>\n\t\t\t<\/dt><\/dl><dl class='gallery-item'>\n\t\t\t<dt class='gallery-icon landscape'>\n\t\t\t\t<a href='https:\/\/www.es-karlsruhe.eu\/wp-content\/uploads\/2023\/05\/ESK-Zirkuswoche-1-300.jpg'><img loading=\"lazy\" decoding=\"async\" width=\"1024\" height=\"768\" src=\"https:\/\/www.es-karlsruhe.eu\/wp-content\/uploads\/2023\/05\/ESK-Zirkuswoche-1-300-1024x768.jpg\" class=\"attachment-large size-large\" alt=\"\" srcset=\"https:\/\/www.es-karlsruhe.eu\/wp-content\/uploads\/2023\/05\/ESK-Zirkuswoche-1-300-1024x768.jpg 1024w, https:\/\/www.es-karlsruhe.eu\/wp-content\/uploads\/2023\/05\/ESK-Zirkuswoche-1-300-300x225.jpg 300w, https:\/\/www.es-karlsruhe.eu\/wp-content\/uploads\/2023\/05\/ESK-Zirkuswoche-1-300-768x576.jpg 768w, https:\/\/www.es-karlsruhe.eu\/wp-content\/uploads\/2023\/05\/ESK-Zirkuswoche-1-300-1536x1152.jpg 1536w, https:\/\/www.es-karlsruhe.eu\/wp-content\/uploads\/2023\/05\/ESK-Zirkuswoche-1-300.jpg 2000w\" sizes=\"auto, (max-width: 1024px) 100vw, 1024px\" \/><\/a>\n\t\t\t<\/dt><\/dl><dl class='gallery-item'>\n\t\t\t<dt class='gallery-icon landscape'>\n\t\t\t\t<a href='https:\/\/www.es-karlsruhe.eu\/wp-content\/uploads\/2023\/05\/ESK-Zirkuswoche-3-300.jpg'><img loading=\"lazy\" decoding=\"async\" width=\"1024\" height=\"778\" src=\"https:\/\/www.es-karlsruhe.eu\/wp-content\/uploads\/2023\/05\/ESK-Zirkuswoche-3-300-1024x778.jpg\" class=\"attachment-large size-large\" alt=\"\" srcset=\"https:\/\/www.es-karlsruhe.eu\/wp-content\/uploads\/2023\/05\/ESK-Zirkuswoche-3-300-1024x778.jpg 1024w, https:\/\/www.es-karlsruhe.eu\/wp-content\/uploads\/2023\/05\/ESK-Zirkuswoche-3-300-300x228.jpg 300w, https:\/\/www.es-karlsruhe.eu\/wp-content\/uploads\/2023\/05\/ESK-Zirkuswoche-3-300-768x584.jpg 768w, https:\/\/www.es-karlsruhe.eu\/wp-content\/uploads\/2023\/05\/ESK-Zirkuswoche-3-300-1536x1167.jpg 1536w, https:\/\/www.es-karlsruhe.eu\/wp-content\/uploads\/2023\/05\/ESK-Zirkuswoche-3-300.jpg 2000w\" sizes=\"auto, (max-width: 1024px) 100vw, 1024px\" \/><\/a>\n\t\t\t<\/dt><\/dl><br style=\"clear: both\" \/><dl class='gallery-item'>\n\t\t\t<dt class='gallery-icon landscape'>\n\t\t\t\t<a href='https:\/\/www.es-karlsruhe.eu\/wp-content\/uploads\/2023\/05\/ESK-Zirkuswoche-300.jpg'><img loading=\"lazy\" decoding=\"async\" width=\"1024\" height=\"768\" src=\"https:\/\/www.es-karlsruhe.eu\/wp-content\/uploads\/2023\/05\/ESK-Zirkuswoche-300-1024x768.jpg\" class=\"attachment-large size-large\" alt=\"\" srcset=\"https:\/\/www.es-karlsruhe.eu\/wp-content\/uploads\/2023\/05\/ESK-Zirkuswoche-300-1024x768.jpg 1024w, https:\/\/www.es-karlsruhe.eu\/wp-content\/uploads\/2023\/05\/ESK-Zirkuswoche-300-300x225.jpg 300w, https:\/\/www.es-karlsruhe.eu\/wp-content\/uploads\/2023\/05\/ESK-Zirkuswoche-300-768x576.jpg 768w, https:\/\/www.es-karlsruhe.eu\/wp-content\/uploads\/2023\/05\/ESK-Zirkuswoche-300-1536x1152.jpg 1536w, https:\/\/www.es-karlsruhe.eu\/wp-content\/uploads\/2023\/05\/ESK-Zirkuswoche-300.jpg 2000w\" sizes=\"auto, (max-width: 1024px) 100vw, 1024px\" \/><\/a>\n\t\t\t<\/dt><\/dl>\n\t\t\t<br style='clear: both' \/>\n\t\t<\/div>\n\n","protected":false},"excerpt":{"rendered":"<p>In der letzten Aprilwoche fand im Kindergarten und der Grundschule eine Zirkus-Projektwoche statt. Los ging es bereits am Sonntag, 23. April, mit dem Aufbau des Zirkuszelts. Mehr als 30 Eltern<a class=\"excerpt-read-more\" href=\"https:\/\/www.es-karlsruhe.eu\/fr\/zirkuswoche-in-kindergarten-und-grundschule\/\" title=\"LireZIRKUSWOCHE in Kindergarten und Grundschule\">&#8230; Read more &raquo;<\/a><\/p>\n","protected":false},"author":24,"featured_media":142736,"comment_status":"closed","ping_status":"open","sticky":false,"template":"","format":"standard","meta":{"footnotes":""},"categories":[17],"tags":[],"class_list":["post-142749","post","type-post","status-publish","format-standard","has-post-thumbnail","hentry","category-primary"],"_links":{"self":[{"href":"https:\/\/www.es-karlsruhe.eu\/fr\/wp-json\/wp\/v2\/posts\/142749","targetHints":{"allow":["GET"]}}],"collection":[{"href":"https:\/\/www.es-karlsruhe.eu\/fr\/wp-json\/wp\/v2\/posts"}],"about":[{"href":"https:\/\/www.es-karlsruhe.eu\/fr\/wp-json\/wp\/v2\/types\/post"}],"author":[{"embeddable":true,"href":"https:\/\/www.es-karlsruhe.eu\/fr\/wp-json\/wp\/v2\/users\/24"}],"replies":[{"embeddable":true,"href":"https:\/\/www.es-karlsruhe.eu\/fr\/wp-json\/wp\/v2\/comments?post=142749"}],"version-history":[{"count":0,"href":"https:\/\/www.es-karlsruhe.eu\/fr\/wp-json\/wp\/v2\/posts\/142749\/revisions"}],"wp:featuredmedia":[{"embeddable":true,"href":"https:\/\/www.es-karlsruhe.eu\/fr\/wp-json\/wp\/v2\/media\/142736"}],"wp:attachment":[{"href":"https:\/\/www.es-karlsruhe.eu\/fr\/wp-json\/wp\/v2\/media?parent=142749"}],"wp:term":[{"taxonomy":"category","embeddable":true,"href":"https:\/\/www.es-karlsruhe.eu\/fr\/wp-json\/wp\/v2\/categories?post=142749"},{"taxonomy":"post_tag","embeddable":true,"href":"https:\/\/www.es-karlsruhe.eu\/fr\/wp-json\/wp\/v2\/tags?post=142749"}],"curies":[{"name":"wp","href":"https:\/\/api.w.org\/{rel}","templated":true}]}}