{"id":164798,"date":"2025-01-07T11:24:37","date_gmt":"2025-01-07T10:24:37","guid":{"rendered":"https:\/\/www.es-karlsruhe.eu\/open-day-08-03-2025\/"},"modified":"2025-03-12T09:41:25","modified_gmt":"2025-03-12T08:41:25","slug":"open-day-08-03-2025","status":"publish","type":"post","link":"https:\/\/www.es-karlsruhe.eu\/fr\/open-day-08-03-2025\/","title":{"rendered":"Open Day &#8211; Saturday, 8th March 2025"},"content":{"rendered":"<p data-start=\"0\" data-end=\"105\"><a href=\"https:\/\/www.es-karlsruhe.eu\/wp-content\/uploads\/2025\/03\/ESK_OD_Programm2025_screen_3_print.pdf\">Programme de la Journ\u00e9e Portes Ouvertes<\/a><\/p>\n<p data-start=\"0\" data-end=\"105\"><strong data-start=\"0\" data-end=\"105\">Rejoignez-nous pour la Journ\u00e9e Portes Ouvertes \u00e0 l&rsquo;\u00c9cole Europ\u00e9enne de Karlsruhe \u2013 Samedi 8 mars 2025<\/strong><\/p>\n<p data-start=\"107\" data-end=\"471\">L&rsquo;\u00c9cole Europ\u00e9enne de Karlsruhe (ESK) invite toutes les familles int\u00e9ress\u00e9es \u00e0 sa traditionnelle Journ\u00e9e Portes Ouvertes le samedi 8 mars 2025, de 9h30 \u00e0 14h00. C&rsquo;est une occasion unique de d\u00e9couvrir ce qui rend notre \u00e9cole si sp\u00e9ciale en tant qu&rsquo;institution \u00e9ducative internationale, offrant un parcours \u00e9ducatif continu de la maternelle au Baccalaur\u00e9at Europ\u00e9en.<\/p>\n<p data-start=\"473\" data-end=\"691\">\u00c0 l&rsquo;ESK, nous offrons un environnement acad\u00e9mique qui allie excellence et un cadre v\u00e9ritablement international et multiculturel, permettant aux enfants de diff\u00e9rents pays et cultures d&rsquo;apprendre et de grandir ensemble.<\/p>\n<p data-start=\"693\" data-end=\"1248\">Lors de notre Journ\u00e9e Portes Ouvertes, enseignants et \u00e9l\u00e8ves pr\u00e9senteront des projets passionnants, offrant aux visiteurs un aper\u00e7u dynamique des activit\u00e9s en classe. Une vari\u00e9t\u00e9 de pr\u00e9sentations, de performances et de sessions interactives mettront en avant la qualit\u00e9 de l&rsquo;enseignement et les m\u00e9thodes innovantes utilis\u00e9es dans notre \u00e9cole. Vous d\u00e9couvrirez nos domaines d&rsquo;expertise, tels que le d\u00e9veloppement linguistique, les sciences naturelles, les arts, le sport et l&rsquo;apprentissage num\u00e9rique moderne, qui pr\u00e9parent les \u00e9l\u00e8ves aux d\u00e9fis de l&rsquo;avenir.<\/p>\n<p data-start=\"1250\" data-end=\"1729\">Le centre d&rsquo;information de l&rsquo;\u00e9cole, situ\u00e9 dans l&rsquo;auditorium, sera ouvert pour permettre aux visiteurs de se renseigner sur le processus d&rsquo;inscription, nos offres \u00e9ducatives et nos services d&rsquo;accompagnement. D\u00e8s 9h30, le personnel administratif sera disponible pour des consultations individuelles afin de r\u00e9pondre \u00e0 toutes les questions concernant le processus d&rsquo;inscription. Des visites guid\u00e9es seront \u00e9galement propos\u00e9es pour explorer les installations et le campus de l&rsquo;\u00e9cole.<\/p>\n<p data-start=\"1731\" data-end=\"1767\">Nous avons h\u00e2te de vous accueillir !<\/p>\n","protected":false},"excerpt":{"rendered":"<p>Programme de la Journ\u00e9e Portes Ouvertes Rejoignez-nous pour la Journ\u00e9e Portes Ouvertes \u00e0 l&rsquo;\u00c9cole Europ\u00e9enne de Karlsruhe \u2013 Samedi 8 mars 2025 L&rsquo;\u00c9cole Europ\u00e9enne de Karlsruhe (ESK) invite toutes les<a class=\"excerpt-read-more\" href=\"https:\/\/www.es-karlsruhe.eu\/fr\/open-day-08-03-2025\/\" title=\"LireOpen Day &#8211; Saturday, 8th March 2025\">&#8230; Read more &raquo;<\/a><\/p>\n","protected":false},"author":25,"featured_media":164795,"comment_status":"closed","ping_status":"open","sticky":false,"template":"","format":"standard","meta":{"footnotes":""},"categories":[93,17,94],"tags":[],"class_list":["post-164798","post","type-post","status-publish","format-standard","has-post-thumbnail","hentry","category-nursery","category-primary","category-secondary"],"_links":{"self":[{"href":"https:\/\/www.es-karlsruhe.eu\/fr\/wp-json\/wp\/v2\/posts\/164798","targetHints":{"allow":["GET"]}}],"collection":[{"href":"https:\/\/www.es-karlsruhe.eu\/fr\/wp-json\/wp\/v2\/posts"}],"about":[{"href":"https:\/\/www.es-karlsruhe.eu\/fr\/wp-json\/wp\/v2\/types\/post"}],"author":[{"embeddable":true,"href":"https:\/\/www.es-karlsruhe.eu\/fr\/wp-json\/wp\/v2\/users\/25"}],"replies":[{"embeddable":true,"href":"https:\/\/www.es-karlsruhe.eu\/fr\/wp-json\/wp\/v2\/comments?post=164798"}],"version-history":[{"count":4,"href":"https:\/\/www.es-karlsruhe.eu\/fr\/wp-json\/wp\/v2\/posts\/164798\/revisions"}],"predecessor-version":[{"id":166690,"href":"https:\/\/www.es-karlsruhe.eu\/fr\/wp-json\/wp\/v2\/posts\/164798\/revisions\/166690"}],"wp:featuredmedia":[{"embeddable":true,"href":"https:\/\/www.es-karlsruhe.eu\/fr\/wp-json\/wp\/v2\/media\/164795"}],"wp:attachment":[{"href":"https:\/\/www.es-karlsruhe.eu\/fr\/wp-json\/wp\/v2\/media?parent=164798"}],"wp:term":[{"taxonomy":"category","embeddable":true,"href":"https:\/\/www.es-karlsruhe.eu\/fr\/wp-json\/wp\/v2\/categories?post=164798"},{"taxonomy":"post_tag","embeddable":true,"href":"https:\/\/www.es-karlsruhe.eu\/fr\/wp-json\/wp\/v2\/tags?post=164798"}],"curies":[{"name":"wp","href":"https:\/\/api.w.org\/{rel}","templated":true}]}}