{"id":165497,"date":"2025-01-31T09:00:09","date_gmt":"2025-01-31T08:00:09","guid":{"rendered":"https:\/\/www.es-karlsruhe.eu\/?p=165497"},"modified":"2025-01-31T09:00:10","modified_gmt":"2025-01-31T08:00:10","slug":"deuxieme-seminaire-de-recherche-des-eleves-du-challenge-programme-maths-en-jeans","status":"publish","type":"post","link":"https:\/\/www.es-karlsruhe.eu\/fr\/deuxieme-seminaire-de-recherche-des-eleves-du-challenge-programme-maths-en-jeans\/","title":{"rendered":"Deuxi\u00e8me s\u00e9minaire de recherche des \u00e9l\u00e8ves du challenge programme Maths en Jeans"},"content":{"rendered":"<p>Le vendredi 17 janvier, les 18 \u00e9l\u00e8ves du challenge programme \u00ab\u00a0Maths en Jeans\u00a0\u00bb se sont rendus au KIT Campus-S\u00fcd pour une journ\u00e9e plac\u00e9e sous le signe de la d\u00e9couverte et de la recherche math\u00e9matique.<\/p>\n<p>Un parcours \u00e0 pied du campus leur a permis d&rsquo;explorer plusieurs \u0153uvres d&rsquo;art dans un cadre de recherche dynamique et inspirant. Cette promenade a \u00e9t\u00e9 suivie d&rsquo;un buffet offert par le KIT, une pause conviviale et appr\u00e9ci\u00e9e par les \u00e9l\u00e8ves.<\/p>\n<p>L&rsquo;apr\u00e8s-midi s&rsquo;est poursuivi avec les pr\u00e9sentations des diff\u00e9rents groupes sur l&rsquo;avanc\u00e9e de leurs recherches. Ces expos\u00e9s ont \u00e9t\u00e9 une occasion pour les \u00e9l\u00e8ves d&rsquo;\u00e9changer avec leurs pairs, leurs enseignants ainsi qu&rsquo;avec le Dr Louis Gar\u00e9naux. Ces discussions leur ont permis d&rsquo;affiner leur approche scientifique et d&rsquo;am\u00e9liorer la communication de leurs travaux.<\/p>\n<p>Cette sortie a \u00e9t\u00e9 une exp\u00e9rience pr\u00e9cieuse pour tous les participants, illustrant l&rsquo;importance de la collaboration et de la curiosit\u00e9 scientifique dans leur parcours d&rsquo;apprentissage.<\/p>\n<p>Les \u00e9l\u00e8ves-chercheurs se pr\u00e9parent d\u00e9sormais \u00e0 plusieurs \u00e9ch\u00e9ances importantes :<\/p>\n<ul data-editing-info=\"{&quot;applyListStyleFromLevel&quot;:true}\">\n<li>8 mars\u00a0: Animations lors des portes ouvertes en lien avec leurs sujets de recherche.<\/li>\n<li>21 mars\u00a0: Troisi\u00e8me s\u00e9minaire de recherche \u00e0 l&rsquo;\u00e9cole et premi\u00e8re pr\u00e9sentation en public.<\/li>\n<li>28 et 29 mars 2025\u00a0: Participation au congr\u00e8s \u00e0 l&rsquo;universit\u00e9 Paris-Dauphine \u00e0 Paris, avec des animations et une pr\u00e9sentation en amphith\u00e9\u00e2tre pour chaque groupe.<\/li>\n<\/ul>\n<p>Ces \u00e9v\u00e9nements constituent une formidable opportunit\u00e9 pour eux de partager leurs recherches avec un public plus large.<\/p>\n<p><img loading=\"lazy\" decoding=\"async\" class=\"alignnone size-medium wp-image-165492\" src=\"https:\/\/www.es-karlsruhe.eu\/wp-content\/uploads\/2025\/01\/Ensemble-1-200x300.png\" alt=\"\" width=\"200\" height=\"300\" srcset=\"https:\/\/www.es-karlsruhe.eu\/wp-content\/uploads\/2025\/01\/Ensemble-1-200x300.png 200w, https:\/\/www.es-karlsruhe.eu\/wp-content\/uploads\/2025\/01\/Ensemble-1-682x1024.png 682w, https:\/\/www.es-karlsruhe.eu\/wp-content\/uploads\/2025\/01\/Ensemble-1-768x1152.png 768w, https:\/\/www.es-karlsruhe.eu\/wp-content\/uploads\/2025\/01\/Ensemble-1-1024x1536.png 1024w, https:\/\/www.es-karlsruhe.eu\/wp-content\/uploads\/2025\/01\/Ensemble-1.png 1333w\" sizes=\"auto, (max-width: 200px) 100vw, 200px\" \/><\/p>\n","protected":false},"excerpt":{"rendered":"<p>Le vendredi 17 janvier, les 18 \u00e9l\u00e8ves du challenge programme \u00ab\u00a0Maths en Jeans\u00a0\u00bb se sont rendus au KIT Campus-S\u00fcd pour une journ\u00e9e plac\u00e9e sous le signe de la d\u00e9couverte et<a class=\"excerpt-read-more\" href=\"https:\/\/www.es-karlsruhe.eu\/fr\/deuxieme-seminaire-de-recherche-des-eleves-du-challenge-programme-maths-en-jeans\/\" title=\"LireDeuxi\u00e8me s\u00e9minaire de recherche des \u00e9l\u00e8ves du challenge programme Maths en Jeans\">&#8230; Read more &raquo;<\/a><\/p>\n","protected":false},"author":25,"featured_media":165493,"comment_status":"closed","ping_status":"open","sticky":false,"template":"","format":"standard","meta":{"footnotes":""},"categories":[17,94],"tags":[],"class_list":["post-165497","post","type-post","status-publish","format-standard","has-post-thumbnail","hentry","category-primary","category-secondary"],"_links":{"self":[{"href":"https:\/\/www.es-karlsruhe.eu\/fr\/wp-json\/wp\/v2\/posts\/165497","targetHints":{"allow":["GET"]}}],"collection":[{"href":"https:\/\/www.es-karlsruhe.eu\/fr\/wp-json\/wp\/v2\/posts"}],"about":[{"href":"https:\/\/www.es-karlsruhe.eu\/fr\/wp-json\/wp\/v2\/types\/post"}],"author":[{"embeddable":true,"href":"https:\/\/www.es-karlsruhe.eu\/fr\/wp-json\/wp\/v2\/users\/25"}],"replies":[{"embeddable":true,"href":"https:\/\/www.es-karlsruhe.eu\/fr\/wp-json\/wp\/v2\/comments?post=165497"}],"version-history":[{"count":1,"href":"https:\/\/www.es-karlsruhe.eu\/fr\/wp-json\/wp\/v2\/posts\/165497\/revisions"}],"predecessor-version":[{"id":165499,"href":"https:\/\/www.es-karlsruhe.eu\/fr\/wp-json\/wp\/v2\/posts\/165497\/revisions\/165499"}],"wp:featuredmedia":[{"embeddable":true,"href":"https:\/\/www.es-karlsruhe.eu\/fr\/wp-json\/wp\/v2\/media\/165493"}],"wp:attachment":[{"href":"https:\/\/www.es-karlsruhe.eu\/fr\/wp-json\/wp\/v2\/media?parent=165497"}],"wp:term":[{"taxonomy":"category","embeddable":true,"href":"https:\/\/www.es-karlsruhe.eu\/fr\/wp-json\/wp\/v2\/categories?post=165497"},{"taxonomy":"post_tag","embeddable":true,"href":"https:\/\/www.es-karlsruhe.eu\/fr\/wp-json\/wp\/v2\/tags?post=165497"}],"curies":[{"name":"wp","href":"https:\/\/api.w.org\/{rel}","templated":true}]}}