{"id":178706,"date":"2026-04-29T08:42:13","date_gmt":"2026-04-29T06:42:13","guid":{"rendered":"https:\/\/www.es-karlsruhe.eu\/observation-astronomique-du-soleil-sur-le-campus-de-lecole-europeenne-de-karlsruhe\/"},"modified":"2026-04-29T11:29:26","modified_gmt":"2026-04-29T09:29:26","slug":"observation-astronomique-du-soleil-sur-le-campus-de-lecole-europeenne-de-karlsruhe","status":"publish","type":"post","link":"https:\/\/www.es-karlsruhe.eu\/fr\/observation-astronomique-du-soleil-sur-le-campus-de-lecole-europeenne-de-karlsruhe\/","title":{"rendered":"Observation astronomique du Soleil sur le campus de l\u2019\u00e9cole europ\u00e9enne de Karlsruhe"},"content":{"rendered":"<p>Jean-Christophe GRIVEAU, Chercheur\u00a0au JRC (Joint Research Center) de Karlsruhe, sur l\u2019invitation de Vanessa Bach, professeur de physique est venu pr\u00e9senter aux \u00e9l\u00e8ves de S3F, S5F et S6L2 fran\u00e7ais des images en direct du soleil vues \u00e0 travers un t\u00e9lescope.<\/p>\n<p>Dans un premier temps, le chercheur a pr\u00e9sent\u00e9 le syst\u00e8me solaire et toutes les plan\u00e8tes terrestres qui en font partie. Les \u00e9l\u00e8ves ont pos\u00e9 des questions et t\u00e9l\u00e9charg\u00e9 l\u2019application Seestar pour mieux observer et\u00a0comprendre la complexit\u00e9 du soleil. De surcro\u00eet, JC Griveau a pos\u00e9 des questions \u00e0 tout le monde, comme\u00a0: \u00ab\u00a0combien de Terres peut-on mettre dans le Soleil\u00a0?\u00a0\u00bb. La r\u00e9ponse, c\u2019est plus de 1000\u00a0! Le chercheur du JRC a aussi expliqu\u00e9 les ph\u00e9nom\u00e8nes &#8211; telles que les aurores bor\u00e9ales &#8211; qui se produisent et les cons\u00e9quences li\u00e9es \u00e0 une forte \u00e9ruption solaire. Un exemple c\u00e9l\u00e8bre observ\u00e9 par Carrington eut lieu en 1859\u00a0: une \u00e9ruption solaire a endommag\u00e9 des c\u00e2bles t\u00e9l\u00e9graphiques et d\u00e9truit des b\u00e2timents. Cela a un rapport avec <em>Solar Blast<\/em>, roman de science-fiction dont les \u00e9l\u00e8ves avaient rencontr\u00e9 l\u2019autrice Delphine Laurent en f\u00e9vrier (livre \u00e9tudi\u00e9 dans le cadre du cours de C\u00e9line Le Gall en fran\u00e7ais). Le chercheur Jean-Christophe Griveau a d\u00e9clar\u00e9 qu\u2019une \u00e9ruption solaire d\u2019une intensit\u00e9 inou\u00efe \u2013 comme celle de 1859 \u2013 pourrait d\u00e9truire des satellites et emp\u00eacher les avions de d\u00e9coller comme dans le roman de D. Laurent. Ces derni\u00e8res ann\u00e9es, les scientifiques ont observ\u00e9 3 \u00e0 5 \u00e9ruptions solaires d\u2019une intensit\u00e9 inou\u00efe. Finalement les \u00e9l\u00e8ves r\u00e9unis sur le campus ont mieux compris et appr\u00e9ci\u00e9 la complexit\u00e9 du soleil. Les explications ont \u00e9t\u00e9 suivies avec int\u00e9r\u00eat par les \u00e9l\u00e8ves de l\u2019\u00e9cole europ\u00e9enne de Karlsruhe notamment par ceux qui se destinent \u00e0 une carri\u00e8re scientifique.<\/p>\n<p>Une \u00e9clipse solaire se d\u00e9roulera le 12 ao\u00fbt 2026. Elle devra \u00eatre observ\u00e9e par des lunettes sp\u00e9ciales car on ne doit jamais regarder le soleil directement\u00a0: sa puissance \u00e9quivaut \u00e0 160 milliards) de bombes de 50 m\u00e9gatons.<\/p>\n<p>Marco NAGHIU S6EN, ESK<\/p>\n<p><img loading=\"lazy\" decoding=\"async\" class=\"alignnone size-medium wp-image-178701\" src=\"https:\/\/www.es-karlsruhe.eu\/wp-content\/uploads\/2026\/04\/WhatsApp-Image-2026-04-23-at-11.15.12-226x300.jpeg\" alt=\"\" width=\"226\" height=\"300\" srcset=\"https:\/\/www.es-karlsruhe.eu\/wp-content\/uploads\/2026\/04\/WhatsApp-Image-2026-04-23-at-11.15.12-226x300.jpeg 226w, https:\/\/www.es-karlsruhe.eu\/wp-content\/uploads\/2026\/04\/WhatsApp-Image-2026-04-23-at-11.15.12-771x1024.jpeg 771w, https:\/\/www.es-karlsruhe.eu\/wp-content\/uploads\/2026\/04\/WhatsApp-Image-2026-04-23-at-11.15.12-768x1020.jpeg 768w, https:\/\/www.es-karlsruhe.eu\/wp-content\/uploads\/2026\/04\/WhatsApp-Image-2026-04-23-at-11.15.12-1157x1536.jpeg 1157w, https:\/\/www.es-karlsruhe.eu\/wp-content\/uploads\/2026\/04\/WhatsApp-Image-2026-04-23-at-11.15.12.jpeg 1536w\" sizes=\"auto, (max-width: 226px) 100vw, 226px\" \/> <img loading=\"lazy\" decoding=\"async\" class=\"alignnone size-medium wp-image-178698\" src=\"https:\/\/www.es-karlsruhe.eu\/wp-content\/uploads\/2026\/04\/WhatsApp-Image-2026-04-23-at-11.05.03-7-300x226.jpeg\" alt=\"\" width=\"300\" height=\"226\" srcset=\"https:\/\/www.es-karlsruhe.eu\/wp-content\/uploads\/2026\/04\/WhatsApp-Image-2026-04-23-at-11.05.03-7-300x226.jpeg 300w, https:\/\/www.es-karlsruhe.eu\/wp-content\/uploads\/2026\/04\/WhatsApp-Image-2026-04-23-at-11.05.03-7-1024x771.jpeg 1024w, https:\/\/www.es-karlsruhe.eu\/wp-content\/uploads\/2026\/04\/WhatsApp-Image-2026-04-23-at-11.05.03-7-768x578.jpeg 768w, https:\/\/www.es-karlsruhe.eu\/wp-content\/uploads\/2026\/04\/WhatsApp-Image-2026-04-23-at-11.05.03-7-1536x1156.jpeg 1536w, https:\/\/www.es-karlsruhe.eu\/wp-content\/uploads\/2026\/04\/WhatsApp-Image-2026-04-23-at-11.05.03-7.jpeg 1600w\" sizes=\"auto, (max-width: 300px) 100vw, 300px\" \/> <img loading=\"lazy\" decoding=\"async\" class=\"alignnone size-medium wp-image-178695\" src=\"https:\/\/www.es-karlsruhe.eu\/wp-content\/uploads\/2026\/04\/WhatsApp-Image-2026-04-23-at-11.05.03-3-226x300.jpeg\" alt=\"\" width=\"226\" height=\"300\" srcset=\"https:\/\/www.es-karlsruhe.eu\/wp-content\/uploads\/2026\/04\/WhatsApp-Image-2026-04-23-at-11.05.03-3-226x300.jpeg 226w, https:\/\/www.es-karlsruhe.eu\/wp-content\/uploads\/2026\/04\/WhatsApp-Image-2026-04-23-at-11.05.03-3-771x1024.jpeg 771w, https:\/\/www.es-karlsruhe.eu\/wp-content\/uploads\/2026\/04\/WhatsApp-Image-2026-04-23-at-11.05.03-3-768x1021.jpeg 768w, https:\/\/www.es-karlsruhe.eu\/wp-content\/uploads\/2026\/04\/WhatsApp-Image-2026-04-23-at-11.05.03-3-1156x1536.jpeg 1156w, https:\/\/www.es-karlsruhe.eu\/wp-content\/uploads\/2026\/04\/WhatsApp-Image-2026-04-23-at-11.05.03-3.jpeg 1204w\" sizes=\"auto, (max-width: 226px) 100vw, 226px\" \/><\/p>\n","protected":false},"excerpt":{"rendered":"<p>Jean-Christophe GRIVEAU, Chercheur\u00a0au JRC (Joint Research Center) de Karlsruhe, sur l\u2019invitation de Vanessa Bach, professeur de physique est venu pr\u00e9senter aux \u00e9l\u00e8ves de S3F, S5F et S6L2 fran\u00e7ais des images<a class=\"excerpt-read-more\" href=\"https:\/\/www.es-karlsruhe.eu\/fr\/observation-astronomique-du-soleil-sur-le-campus-de-lecole-europeenne-de-karlsruhe\/\" title=\"LireObservation astronomique du Soleil sur le campus de l\u2019\u00e9cole europ\u00e9enne de Karlsruhe\">&#8230; Read more &raquo;<\/a><\/p>\n","protected":false},"author":25,"featured_media":178693,"comment_status":"closed","ping_status":"open","sticky":false,"template":"","format":"standard","meta":{"footnotes":""},"categories":[94],"tags":[],"class_list":["post-178706","post","type-post","status-publish","format-standard","has-post-thumbnail","hentry","category-secondary"],"_links":{"self":[{"href":"https:\/\/www.es-karlsruhe.eu\/fr\/wp-json\/wp\/v2\/posts\/178706","targetHints":{"allow":["GET"]}}],"collection":[{"href":"https:\/\/www.es-karlsruhe.eu\/fr\/wp-json\/wp\/v2\/posts"}],"about":[{"href":"https:\/\/www.es-karlsruhe.eu\/fr\/wp-json\/wp\/v2\/types\/post"}],"author":[{"embeddable":true,"href":"https:\/\/www.es-karlsruhe.eu\/fr\/wp-json\/wp\/v2\/users\/25"}],"replies":[{"embeddable":true,"href":"https:\/\/www.es-karlsruhe.eu\/fr\/wp-json\/wp\/v2\/comments?post=178706"}],"version-history":[{"count":2,"href":"https:\/\/www.es-karlsruhe.eu\/fr\/wp-json\/wp\/v2\/posts\/178706\/revisions"}],"predecessor-version":[{"id":178717,"href":"https:\/\/www.es-karlsruhe.eu\/fr\/wp-json\/wp\/v2\/posts\/178706\/revisions\/178717"}],"wp:featuredmedia":[{"embeddable":true,"href":"https:\/\/www.es-karlsruhe.eu\/fr\/wp-json\/wp\/v2\/media\/178693"}],"wp:attachment":[{"href":"https:\/\/www.es-karlsruhe.eu\/fr\/wp-json\/wp\/v2\/media?parent=178706"}],"wp:term":[{"taxonomy":"category","embeddable":true,"href":"https:\/\/www.es-karlsruhe.eu\/fr\/wp-json\/wp\/v2\/categories?post=178706"},{"taxonomy":"post_tag","embeddable":true,"href":"https:\/\/www.es-karlsruhe.eu\/fr\/wp-json\/wp\/v2\/tags?post=178706"}],"curies":[{"name":"wp","href":"https:\/\/api.w.org\/{rel}","templated":true}]}}