{"id":180608,"date":"2026-09-03T13:12:13","date_gmt":"2026-09-03T11:12:13","guid":{"rendered":"https:\/\/www.es-karlsruhe.eu\/groser-erfolg-beim-stadtwerke-malwettbewerb-2026\/"},"modified":"2026-09-03T13:16:31","modified_gmt":"2026-09-03T11:16:31","slug":"groser-erfolg-beim-stadtwerke-malwettbewerb-2026","status":"publish","type":"post","link":"https:\/\/www.es-karlsruhe.eu\/fr\/groser-erfolg-beim-stadtwerke-malwettbewerb-2026\/","title":{"rendered":"Gro\u00dfer Erfolg beim Stadtwerke-Malwettbewerb 2026"},"content":{"rendered":"<p>Beim 38. Malwettbewerb der Stadtwerke Karlsruhe zum Thema\u00a0<strong>\u201eMach mit: Kinder sch\u00fctzen unsere Natur!\u201c<\/strong>\u00a0konnten sich Karlsruher Viertkl\u00e4sslerinnen und Viertkl\u00e4ssler kreativ mit dem wichtigen Thema Umwelt auseinandersetzen. Unter mehr als 1.000 eingereichten Kunstwerken waren auch die Bilder unserer ehemaligen Klasse\u00a0<strong>4Db<\/strong>\u00a0besonders erfolgreich.<\/p>\n<p>Gleich\u00a0<strong>vier Sch\u00fclerinnen und Sch\u00fcler der damaligen Kunstklasse \u2013 Mariam, Tara, Milana und Cedric \u2013<\/strong>\u00a0geh\u00f6rten zu den insgesamt 30 Preistr\u00e4gerinnen und Preistr\u00e4gern des Wettbewerbs. Damit konnte die Klasse einen ganz besonderen Erfolg feiern.<\/p>\n<p>Die Preisverleihung fand am\u00a0<strong>Mittwoch, den 15. Juli 2026<\/strong>, bei den Stadtwerken Karlsruhe statt. Dort wurden die jungen K\u00fcnstlerinnen und K\u00fcnstler f\u00fcr ihre kreativen und ideenreichen Beitr\u00e4ge ausgezeichnet.<\/p>\n<p>Eine ganz besondere Ehrung erhielt\u00a0<strong>Milana<\/strong>: F\u00fcr ihr Bild eines Bienenhauses wurde ihr ein\u00a0<strong>Sonderpreis<\/strong>\u00a0verliehen. Ihr Kunstwerk wird k\u00fcnftig sogar auf den neuen Etiketten der\u00a0<strong>Stadtwerke-Honiggl\u00e4ser<\/strong>\u00a0zu sehen sein. Damit wird ihre kreative Arbeit auch \u00fcber den Wettbewerb hinaus sichtbar und zu einem kleinen Botschafter f\u00fcr den Schutz unserer Natur.<\/p>\n<p>Der Erfolg der vier Kinder ist eine wunderbare Anerkennung ihrer Kreativit\u00e4t und ihres Engagements. Wir gratulieren\u00a0<strong>Mariam, Tara, Milana und Cedric<\/strong>\u00a0ganz herzlich zu dieser gro\u00dfartigen Leistung und freuen uns sehr \u00fcber diesen besonderen Erfolg unserer ehemaligen Klasse 4Db!<\/p>\n<p>Die Kunstlehrerin<br \/>\nValeria Mengozzi<\/p>\n<p><img loading=\"lazy\" decoding=\"async\" class=\"alignnone size-medium wp-image-180603\" src=\"https:\/\/www.es-karlsruhe.eu\/wp-content\/uploads\/2026\/09\/dd54b439-26c9-44bb-86f2-7e38a53cf2db-225x300.jpg\" alt=\"\" width=\"225\" height=\"300\" srcset=\"https:\/\/www.es-karlsruhe.eu\/wp-content\/uploads\/2026\/09\/dd54b439-26c9-44bb-86f2-7e38a53cf2db-225x300.jpg 225w, https:\/\/www.es-karlsruhe.eu\/wp-content\/uploads\/2026\/09\/dd54b439-26c9-44bb-86f2-7e38a53cf2db.jpg 600w\" sizes=\"auto, (max-width: 225px) 100vw, 225px\" \/> \u00a0<img loading=\"lazy\" decoding=\"async\" class=\"alignnone size-medium wp-image-180597\" src=\"https:\/\/www.es-karlsruhe.eu\/wp-content\/uploads\/2026\/09\/b9f2e305-ae1a-47e5-8d59-5a0f98a4d6ff-e1788434142517.jpg\" alt=\"\" width=\"225\" height=\"300\" \/> <img loading=\"lazy\" decoding=\"async\" class=\"alignnone size-medium wp-image-180594\" src=\"https:\/\/www.es-karlsruhe.eu\/wp-content\/uploads\/2026\/09\/0d27dad8-064b-4ac1-a5d0-f036a3df186b-225x300.jpg\" alt=\"\" width=\"225\" height=\"300\" srcset=\"https:\/\/www.es-karlsruhe.eu\/wp-content\/uploads\/2026\/09\/0d27dad8-064b-4ac1-a5d0-f036a3df186b-225x300.jpg 225w, https:\/\/www.es-karlsruhe.eu\/wp-content\/uploads\/2026\/09\/0d27dad8-064b-4ac1-a5d0-f036a3df186b.jpg 600w\" sizes=\"auto, (max-width: 225px) 100vw, 225px\" \/><img loading=\"lazy\" decoding=\"async\" class=\"alignnone size-medium wp-image-180600\" src=\"https:\/\/www.es-karlsruhe.eu\/wp-content\/uploads\/2026\/09\/Bildschirmfoto-2026-09-01-um-17.39.52-300x221.png\" alt=\"\" width=\"300\" height=\"221\" srcset=\"https:\/\/www.es-karlsruhe.eu\/wp-content\/uploads\/2026\/09\/Bildschirmfoto-2026-09-01-um-17.39.52-300x221.png 300w, https:\/\/www.es-karlsruhe.eu\/wp-content\/uploads\/2026\/09\/Bildschirmfoto-2026-09-01-um-17.39.52.png 763w\" sizes=\"auto, (max-width: 300px) 100vw, 300px\" \/><\/p>\n","protected":false},"excerpt":{"rendered":"<p>Beim 38. Malwettbewerb der Stadtwerke Karlsruhe zum Thema\u00a0\u201eMach mit: Kinder sch\u00fctzen unsere Natur!\u201c\u00a0konnten sich Karlsruher Viertkl\u00e4sslerinnen und Viertkl\u00e4ssler kreativ mit dem wichtigen Thema Umwelt auseinandersetzen. Unter mehr als 1.000 eingereichten<a class=\"excerpt-read-more\" href=\"https:\/\/www.es-karlsruhe.eu\/fr\/groser-erfolg-beim-stadtwerke-malwettbewerb-2026\/\" title=\"LireGro\u00dfer Erfolg beim Stadtwerke-Malwettbewerb 2026\">&#8230; Read more &raquo;<\/a><\/p>\n","protected":false},"author":25,"featured_media":180598,"comment_status":"closed","ping_status":"open","sticky":false,"template":"","format":"standard","meta":{"footnotes":""},"categories":[17],"tags":[],"class_list":["post-180608","post","type-post","status-publish","format-standard","has-post-thumbnail","hentry","category-primary"],"_links":{"self":[{"href":"https:\/\/www.es-karlsruhe.eu\/fr\/wp-json\/wp\/v2\/posts\/180608","targetHints":{"allow":["GET"]}}],"collection":[{"href":"https:\/\/www.es-karlsruhe.eu\/fr\/wp-json\/wp\/v2\/posts"}],"about":[{"href":"https:\/\/www.es-karlsruhe.eu\/fr\/wp-json\/wp\/v2\/types\/post"}],"author":[{"embeddable":true,"href":"https:\/\/www.es-karlsruhe.eu\/fr\/wp-json\/wp\/v2\/users\/25"}],"replies":[{"embeddable":true,"href":"https:\/\/www.es-karlsruhe.eu\/fr\/wp-json\/wp\/v2\/comments?post=180608"}],"version-history":[{"count":2,"href":"https:\/\/www.es-karlsruhe.eu\/fr\/wp-json\/wp\/v2\/posts\/180608\/revisions"}],"predecessor-version":[{"id":180612,"href":"https:\/\/www.es-karlsruhe.eu\/fr\/wp-json\/wp\/v2\/posts\/180608\/revisions\/180612"}],"wp:featuredmedia":[{"embeddable":true,"href":"https:\/\/www.es-karlsruhe.eu\/fr\/wp-json\/wp\/v2\/media\/180598"}],"wp:attachment":[{"href":"https:\/\/www.es-karlsruhe.eu\/fr\/wp-json\/wp\/v2\/media?parent=180608"}],"wp:term":[{"taxonomy":"category","embeddable":true,"href":"https:\/\/www.es-karlsruhe.eu\/fr\/wp-json\/wp\/v2\/categories?post=180608"},{"taxonomy":"post_tag","embeddable":true,"href":"https:\/\/www.es-karlsruhe.eu\/fr\/wp-json\/wp\/v2\/tags?post=180608"}],"curies":[{"name":"wp","href":"https:\/\/api.w.org\/{rel}","templated":true}]}}