{"id":44117,"date":"2019-04-30T11:21:38","date_gmt":"2019-04-30T09:21:38","guid":{"rendered":"https:\/\/www.es-karlsruhe.eu\/?p=44117"},"modified":"2019-07-03T14:00:19","modified_gmt":"2019-07-03T12:00:19","slug":"recherche-de-familles-daccueil-pour-leek-programme-dechange-international-avec-le-blue-lake-fine-arts-camp-etats-unis","status":"publish","type":"post","link":"https:\/\/www.es-karlsruhe.eu\/fr\/recherche-de-familles-daccueil-pour-leek-programme-dechange-international-avec-le-blue-lake-fine-arts-camp-etats-unis\/","title":{"rendered":"RECHERCHE DE FAMILLES D`ACCUEIL! pour l\u00b4EEK &#8211; PROGRAMME D&rsquo;\u00c9CHANGE INTERNATIONAL avec le BLUE LAKE FINE ARTS CAMP, \u00c9tats-Unis"},"content":{"rendered":"<p>Chers parents, enseignantes, enseignants, employ\u00e9(e)s et \u00e9l\u00e8ves de l\u2019Ecole europ\u00e9enne de Karlsruhe,<\/p>\n<p>Du mercredi 19 juin (18h) au samedi 22 juin 2019 (20h), nous accueillerons la chorale \u00ab\u00a0International Youth Choir\u00a0\u00bb du BLUE LAKE FINE ARTS CAMP, Michigan, USA avec 60 jeunes \u00e9l\u00e8ves \u00e2g\u00e9s de 12 \u00e0 18 ans \u00e0 l\u00b4Ecole europ\u00e9enne de Karlsruhe.<br \/>\nDans deux concerts \u00e0 Karlsruhe (concert de charit\u00e9 le jeudi 20 juin 2019 \u00e0 19h30 et concert d\u2019\u00e9l\u00e8ves le vendredi 21 juin 2019 \u00e0 10h45) ainsi qu\u00b4un autre concert \u00e0 Landau, dans le Palatinat (concert en plein air le vendredi 21 \u00a0juin 2019, 19h30), nos invit\u00e9s am\u00e9ricains joueront de la musique chorale internationale et am\u00e9ricaine. Le BLUE LAKE INTERNATIONAL YOUTH CHOIR est l\u2019un des meilleurs aux \u00c9tats-Unis.<br \/>\nLe but de ce projet international est \u00ab\u00a0Rencontrer et comprendre \u00e0 travers le langage de la musique!\u00a0\u00bb<br \/>\nPour l&rsquo;h\u00e9bergement des chanteurs de la chorale, nous avons encore un besoin urgent de logements.<br \/>\nNous aimerions vous inviter \u00e0 participer en tant que famille d&rsquo;accueil et \u00e0 d\u00b4offrir un h\u00e9bergement chez vous.<br \/>\nVous trouverez ci-joint l\u2019INSCRIPTION et la version actuelle du programme d\u2019\u00e9change.<\/p>\n<p><a href=\"https:\/\/www.es-karlsruhe.eu\/wp-content\/uploads\/2019\/04\/BL_Programm20190426.pdf\">Programme<\/a><\/p>\n<p><a href=\"https:\/\/www.es-karlsruhe.eu\/wp-content\/uploads\/2019\/05\/BL_GastfamilienAnmeldung20190426_final.pdf\">Formulaire d\u00b4inscription<\/a><\/p>\n<p>Vous \u00eates invit\u00e9s \u00e0 nous soutenir en tant que multiplicateur et de gagner d\u00b4autres familles d&rsquo;accueil parmi vos proches et dans votre cercle d&rsquo;amis.<\/p>\n<p>Tr\u00e8s cordialement,<\/p>\n<p>Daniel Gassner, Directeur de l&rsquo;Ecole europ\u00e9enne de Karlsruhe<br \/>\nKlaus Braun, professeur de musique Ecole europ\u00e9enne de Karlsruhe<\/p>\n","protected":false},"excerpt":{"rendered":"<p>Chers parents, enseignantes, enseignants, employ\u00e9(e)s et \u00e9l\u00e8ves de l\u2019Ecole europ\u00e9enne de Karlsruhe, Du mercredi 19 juin (18h) au samedi 22 juin 2019 (20h), nous accueillerons la chorale \u00ab\u00a0International Youth Choir\u00a0\u00bb<a class=\"excerpt-read-more\" href=\"https:\/\/www.es-karlsruhe.eu\/fr\/recherche-de-familles-daccueil-pour-leek-programme-dechange-international-avec-le-blue-lake-fine-arts-camp-etats-unis\/\" title=\"LireRECHERCHE DE FAMILLES D`ACCUEIL! pour l\u00b4EEK &#8211; PROGRAMME D&rsquo;\u00c9CHANGE INTERNATIONAL avec le BLUE LAKE FINE ARTS CAMP, \u00c9tats-Unis\">&#8230; Read more &raquo;<\/a><\/p>\n","protected":false},"author":4,"featured_media":48544,"comment_status":"closed","ping_status":"open","sticky":false,"template":"","format":"standard","meta":{"footnotes":""},"categories":[99,100,17,94],"tags":[],"class_list":["post-44117","post","type-post","status-publish","format-standard","has-post-thumbnail","hentry","category-esk-and-europe","category-international","category-primary","category-secondary"],"_links":{"self":[{"href":"https:\/\/www.es-karlsruhe.eu\/fr\/wp-json\/wp\/v2\/posts\/44117","targetHints":{"allow":["GET"]}}],"collection":[{"href":"https:\/\/www.es-karlsruhe.eu\/fr\/wp-json\/wp\/v2\/posts"}],"about":[{"href":"https:\/\/www.es-karlsruhe.eu\/fr\/wp-json\/wp\/v2\/types\/post"}],"author":[{"embeddable":true,"href":"https:\/\/www.es-karlsruhe.eu\/fr\/wp-json\/wp\/v2\/users\/4"}],"replies":[{"embeddable":true,"href":"https:\/\/www.es-karlsruhe.eu\/fr\/wp-json\/wp\/v2\/comments?post=44117"}],"version-history":[{"count":3,"href":"https:\/\/www.es-karlsruhe.eu\/fr\/wp-json\/wp\/v2\/posts\/44117\/revisions"}],"predecessor-version":[{"id":44313,"href":"https:\/\/www.es-karlsruhe.eu\/fr\/wp-json\/wp\/v2\/posts\/44117\/revisions\/44313"}],"wp:featuredmedia":[{"embeddable":true,"href":"https:\/\/www.es-karlsruhe.eu\/fr\/wp-json\/wp\/v2\/media\/48544"}],"wp:attachment":[{"href":"https:\/\/www.es-karlsruhe.eu\/fr\/wp-json\/wp\/v2\/media?parent=44117"}],"wp:term":[{"taxonomy":"category","embeddable":true,"href":"https:\/\/www.es-karlsruhe.eu\/fr\/wp-json\/wp\/v2\/categories?post=44117"},{"taxonomy":"post_tag","embeddable":true,"href":"https:\/\/www.es-karlsruhe.eu\/fr\/wp-json\/wp\/v2\/tags?post=44117"}],"curies":[{"name":"wp","href":"https:\/\/api.w.org\/{rel}","templated":true}]}}