{"id":61540,"date":"2019-10-21T11:30:31","date_gmt":"2019-10-21T09:30:31","guid":{"rendered":"https:\/\/www.es-karlsruhe.eu\/visite-de-m-frederic-petit-depute-des-francais-etablis-a-letranger-un-depute-face-aux-eleves-de-lesk\/"},"modified":"2019-10-21T15:33:31","modified_gmt":"2019-10-21T13:33:31","slug":"visite-de-m-frederic-petit-depute-des-francais-etablis-a-letranger-un-depute-face-aux-eleves-de-lesk","status":"publish","type":"post","link":"https:\/\/www.es-karlsruhe.eu\/fr\/visite-de-m-frederic-petit-depute-des-francais-etablis-a-letranger-un-depute-face-aux-eleves-de-lesk\/","title":{"rendered":"Visite de M. Fr\u00e9d\u00e9ric Petit, D\u00e9put\u00e9 des Fran\u00e7ais \u00e9tablis \u00e0 l\u2019\u00e9tranger. Un d\u00e9put\u00e9 face aux \u00e9l\u00e8ves de l\u2019ESK!"},"content":{"rendered":"<p>Notre \u00e9cole a eu l\u2019honneur de recevoir lundi la visite de Monsieur Fr\u00e9d\u00e9ric Petit, D\u00e9put<span>\u00e9<\/span> des Fran\u00e7ais \u00e9tablis \u00e0 l\u2019\u00e9tranger. Il \u00e9tait accompagn\u00e9 de Madame Sch\u00f6ppner, Conseill\u00e8re Consulaire et Vice-Pr\u00e9sidente de l\u2019Association des Fran\u00e7ais de l\u2019Etranger. Apr\u00e8s avoir visit\u00e9 le campus et rencontr\u00e9 la direction, il a eu l\u2019amabilit\u00e9 de r\u00e9pondre longuement aux questions pos\u00e9es par un groupe d\u2019une douzaine d\u2019\u00e9l\u00e8ves. Cela a \u00e9t\u00e9 l\u2019occasion pour les \u00e9l\u00e8ves de l\u2019interroger sur son engagement politique et son int\u00e9r\u00eat pour les questions \u00e9ducatives. Monsieur Petit a insist\u00e9 sur l\u2019apport que constituent la connaissance des langues et cultures et une solide \u00e9ducation pour affronter les d\u00e9fis qui attendent les jeunes dans le monde d\u2019aujourd\u2019hui.<\/p>\n\n\t\t<style type=\"text\/css\">\n\t\t\t#gallery-1 {\n\t\t\t\tmargin: auto;\n\t\t\t}\n\t\t\t#gallery-1 .gallery-item {\n\t\t\t\tfloat: left;\n\t\t\t\tmargin-top: 10px;\n\t\t\t\ttext-align: center;\n\t\t\t\twidth: 33%;\n\t\t\t}\n\t\t\t#gallery-1 img {\n\t\t\t\tborder: 2px solid #cfcfcf;\n\t\t\t}\n\t\t\t#gallery-1 .gallery-caption {\n\t\t\t\tmargin-left: 0;\n\t\t\t}\n\t\t\t\/* see gallery_shortcode() in wp-includes\/media.php *\/\n\t\t<\/style>\n\t\t<div id='gallery-1' class='gallery galleryid-61540 gallery-columns-3 gallery-size-medium'><dl class='gallery-item'>\n\t\t\t<dt class='gallery-icon landscape'>\n\t\t\t\t<a href='https:\/\/www.es-karlsruhe.eu\/wp-content\/uploads\/2019\/10\/Depute_6.jpg'><img loading=\"lazy\" decoding=\"async\" width=\"300\" height=\"225\" src=\"https:\/\/www.es-karlsruhe.eu\/wp-content\/uploads\/2019\/10\/Depute_6-300x225.jpg\" class=\"attachment-medium size-medium\" alt=\"\" srcset=\"https:\/\/www.es-karlsruhe.eu\/wp-content\/uploads\/2019\/10\/Depute_6-300x225.jpg 300w, https:\/\/www.es-karlsruhe.eu\/wp-content\/uploads\/2019\/10\/Depute_6-768x576.jpg 768w, https:\/\/www.es-karlsruhe.eu\/wp-content\/uploads\/2019\/10\/Depute_6-1024x768.jpg 1024w\" sizes=\"auto, (max-width: 300px) 100vw, 300px\" \/><\/a>\n\t\t\t<\/dt><\/dl><dl class='gallery-item'>\n\t\t\t<dt class='gallery-icon landscape'>\n\t\t\t\t<a href='https:\/\/www.es-karlsruhe.eu\/wp-content\/uploads\/2019\/10\/Depute_7.jpg'><img loading=\"lazy\" decoding=\"async\" width=\"300\" height=\"225\" src=\"https:\/\/www.es-karlsruhe.eu\/wp-content\/uploads\/2019\/10\/Depute_7-300x225.jpg\" class=\"attachment-medium size-medium\" alt=\"\" srcset=\"https:\/\/www.es-karlsruhe.eu\/wp-content\/uploads\/2019\/10\/Depute_7-300x225.jpg 300w, https:\/\/www.es-karlsruhe.eu\/wp-content\/uploads\/2019\/10\/Depute_7-768x576.jpg 768w, https:\/\/www.es-karlsruhe.eu\/wp-content\/uploads\/2019\/10\/Depute_7-1024x768.jpg 1024w\" sizes=\"auto, (max-width: 300px) 100vw, 300px\" \/><\/a>\n\t\t\t<\/dt><\/dl><dl class='gallery-item'>\n\t\t\t<dt class='gallery-icon landscape'>\n\t\t\t\t<a href='https:\/\/www.es-karlsruhe.eu\/wp-content\/uploads\/2019\/10\/Depute_5.jpg'><img loading=\"lazy\" decoding=\"async\" width=\"300\" height=\"225\" src=\"https:\/\/www.es-karlsruhe.eu\/wp-content\/uploads\/2019\/10\/Depute_5-300x225.jpg\" class=\"attachment-medium size-medium\" alt=\"\" srcset=\"https:\/\/www.es-karlsruhe.eu\/wp-content\/uploads\/2019\/10\/Depute_5-300x225.jpg 300w, https:\/\/www.es-karlsruhe.eu\/wp-content\/uploads\/2019\/10\/Depute_5-768x576.jpg 768w, https:\/\/www.es-karlsruhe.eu\/wp-content\/uploads\/2019\/10\/Depute_5-1024x768.jpg 1024w\" sizes=\"auto, (max-width: 300px) 100vw, 300px\" \/><\/a>\n\t\t\t<\/dt><\/dl><br style=\"clear: both\" \/><dl class='gallery-item'>\n\t\t\t<dt class='gallery-icon landscape'>\n\t\t\t\t<a href='https:\/\/www.es-karlsruhe.eu\/wp-content\/uploads\/2019\/10\/Depute_4.jpg'><img loading=\"lazy\" decoding=\"async\" width=\"300\" height=\"225\" src=\"https:\/\/www.es-karlsruhe.eu\/wp-content\/uploads\/2019\/10\/Depute_4-300x225.jpg\" class=\"attachment-medium size-medium\" alt=\"\" srcset=\"https:\/\/www.es-karlsruhe.eu\/wp-content\/uploads\/2019\/10\/Depute_4-300x225.jpg 300w, https:\/\/www.es-karlsruhe.eu\/wp-content\/uploads\/2019\/10\/Depute_4-768x576.jpg 768w, https:\/\/www.es-karlsruhe.eu\/wp-content\/uploads\/2019\/10\/Depute_4-1024x768.jpg 1024w\" sizes=\"auto, (max-width: 300px) 100vw, 300px\" \/><\/a>\n\t\t\t<\/dt><\/dl><dl class='gallery-item'>\n\t\t\t<dt class='gallery-icon landscape'>\n\t\t\t\t<a href='https:\/\/www.es-karlsruhe.eu\/wp-content\/uploads\/2019\/10\/Depute_3.jpg'><img loading=\"lazy\" decoding=\"async\" width=\"300\" height=\"225\" src=\"https:\/\/www.es-karlsruhe.eu\/wp-content\/uploads\/2019\/10\/Depute_3-300x225.jpg\" class=\"attachment-medium size-medium\" alt=\"\" srcset=\"https:\/\/www.es-karlsruhe.eu\/wp-content\/uploads\/2019\/10\/Depute_3-300x225.jpg 300w, https:\/\/www.es-karlsruhe.eu\/wp-content\/uploads\/2019\/10\/Depute_3-768x576.jpg 768w, https:\/\/www.es-karlsruhe.eu\/wp-content\/uploads\/2019\/10\/Depute_3-1024x768.jpg 1024w\" sizes=\"auto, (max-width: 300px) 100vw, 300px\" \/><\/a>\n\t\t\t<\/dt><\/dl><dl class='gallery-item'>\n\t\t\t<dt class='gallery-icon landscape'>\n\t\t\t\t<a href='https:\/\/www.es-karlsruhe.eu\/wp-content\/uploads\/2019\/10\/Depute_2.jpg'><img loading=\"lazy\" decoding=\"async\" width=\"300\" height=\"225\" src=\"https:\/\/www.es-karlsruhe.eu\/wp-content\/uploads\/2019\/10\/Depute_2-300x225.jpg\" class=\"attachment-medium size-medium\" alt=\"\" srcset=\"https:\/\/www.es-karlsruhe.eu\/wp-content\/uploads\/2019\/10\/Depute_2-300x225.jpg 300w, https:\/\/www.es-karlsruhe.eu\/wp-content\/uploads\/2019\/10\/Depute_2-768x576.jpg 768w, https:\/\/www.es-karlsruhe.eu\/wp-content\/uploads\/2019\/10\/Depute_2-1024x768.jpg 1024w\" sizes=\"auto, (max-width: 300px) 100vw, 300px\" \/><\/a>\n\t\t\t<\/dt><\/dl><br style=\"clear: both\" \/><dl class='gallery-item'>\n\t\t\t<dt class='gallery-icon landscape'>\n\t\t\t\t<a href='https:\/\/www.es-karlsruhe.eu\/wp-content\/uploads\/2019\/10\/Depute_1.jpg'><img loading=\"lazy\" decoding=\"async\" width=\"300\" height=\"225\" src=\"https:\/\/www.es-karlsruhe.eu\/wp-content\/uploads\/2019\/10\/Depute_1-300x225.jpg\" class=\"attachment-medium size-medium\" alt=\"\" srcset=\"https:\/\/www.es-karlsruhe.eu\/wp-content\/uploads\/2019\/10\/Depute_1-300x225.jpg 300w, https:\/\/www.es-karlsruhe.eu\/wp-content\/uploads\/2019\/10\/Depute_1-768x576.jpg 768w, https:\/\/www.es-karlsruhe.eu\/wp-content\/uploads\/2019\/10\/Depute_1-1024x768.jpg 1024w\" sizes=\"auto, (max-width: 300px) 100vw, 300px\" \/><\/a>\n\t\t\t<\/dt><\/dl>\n\t\t\t<br style='clear: both' \/>\n\t\t<\/div>\n\n<p>&nbsp;<\/p>\n","protected":false},"excerpt":{"rendered":"<p>Notre \u00e9cole a eu l\u2019honneur de recevoir lundi la visite de Monsieur Fr\u00e9d\u00e9ric Petit, D\u00e9put\u00e9 des Fran\u00e7ais \u00e9tablis \u00e0 l\u2019\u00e9tranger. Il \u00e9tait accompagn\u00e9 de Madame Sch\u00f6ppner, Conseill\u00e8re Consulaire et Vice-Pr\u00e9sidente<a class=\"excerpt-read-more\" href=\"https:\/\/www.es-karlsruhe.eu\/fr\/visite-de-m-frederic-petit-depute-des-francais-etablis-a-letranger-un-depute-face-aux-eleves-de-lesk\/\" title=\"LireVisite de M. Fr\u00e9d\u00e9ric Petit, D\u00e9put\u00e9 des Fran\u00e7ais \u00e9tablis \u00e0 l\u2019\u00e9tranger. Un d\u00e9put\u00e9 face aux \u00e9l\u00e8ves de l\u2019ESK!\">&#8230; Read more &raquo;<\/a><\/p>\n","protected":false},"author":4,"featured_media":61533,"comment_status":"closed","ping_status":"open","sticky":false,"template":"","format":"standard","meta":{"footnotes":""},"categories":[99,100,94],"tags":[],"class_list":["post-61540","post","type-post","status-publish","format-standard","has-post-thumbnail","hentry","category-esk-and-europe","category-international","category-secondary"],"_links":{"self":[{"href":"https:\/\/www.es-karlsruhe.eu\/fr\/wp-json\/wp\/v2\/posts\/61540","targetHints":{"allow":["GET"]}}],"collection":[{"href":"https:\/\/www.es-karlsruhe.eu\/fr\/wp-json\/wp\/v2\/posts"}],"about":[{"href":"https:\/\/www.es-karlsruhe.eu\/fr\/wp-json\/wp\/v2\/types\/post"}],"author":[{"embeddable":true,"href":"https:\/\/www.es-karlsruhe.eu\/fr\/wp-json\/wp\/v2\/users\/4"}],"replies":[{"embeddable":true,"href":"https:\/\/www.es-karlsruhe.eu\/fr\/wp-json\/wp\/v2\/comments?post=61540"}],"version-history":[{"count":5,"href":"https:\/\/www.es-karlsruhe.eu\/fr\/wp-json\/wp\/v2\/posts\/61540\/revisions"}],"predecessor-version":[{"id":61609,"href":"https:\/\/www.es-karlsruhe.eu\/fr\/wp-json\/wp\/v2\/posts\/61540\/revisions\/61609"}],"wp:featuredmedia":[{"embeddable":true,"href":"https:\/\/www.es-karlsruhe.eu\/fr\/wp-json\/wp\/v2\/media\/61533"}],"wp:attachment":[{"href":"https:\/\/www.es-karlsruhe.eu\/fr\/wp-json\/wp\/v2\/media?parent=61540"}],"wp:term":[{"taxonomy":"category","embeddable":true,"href":"https:\/\/www.es-karlsruhe.eu\/fr\/wp-json\/wp\/v2\/categories?post=61540"},{"taxonomy":"post_tag","embeddable":true,"href":"https:\/\/www.es-karlsruhe.eu\/fr\/wp-json\/wp\/v2\/tags?post=61540"}],"curies":[{"name":"wp","href":"https:\/\/api.w.org\/{rel}","templated":true}]}}