{"id":74712,"date":"2020-04-30T12:56:54","date_gmt":"2020-04-30T10:56:54","guid":{"rendered":"https:\/\/www.es-karlsruhe.eu\/?p=74712"},"modified":"2020-06-16T15:00:53","modified_gmt":"2020-06-16T13:00:53","slug":"organisation-scolaire-du-04-au-19-mai","status":"publish","type":"post","link":"https:\/\/www.es-karlsruhe.eu\/fr\/organisation-scolaire-du-04-au-19-mai\/","title":{"rendered":"Organisation scolaire du 04 mai \u00e0 la fin de l\u00b4ann\u00e9e scolaire"},"content":{"rendered":"<p>Les enseignements \u00e0 distance sont maintenus pour tous les \u00e9l\u00e8ves <strong>durant la semaine du 4 au 8 mai.<\/strong><\/p>\n<p>M<strong>odalit\u00e9s particuli\u00e8res d\u2019enseignement \u00ab in situ \u00bb uniquement pour les \u00e9l\u00e8ves de S6<\/strong>, ceci \u00e0 compter du<strong> 11 mai et jusqu\u2019au 19 mai<\/strong> inclus (phase 1).<\/p>\n<p>Ce dispositif sera \u00e9valu\u00e9 et si possible adapt\u00e9 au terme de cette p\u00e9riode (phase 1) en tenant compte des nouvelles orientations qui pourraient \u00eatre d\u00e9cid\u00e9es par le Land de Bade Wurtemberg.<\/p>\n<p><strong>Phase 2<\/strong> &#8211; Lundi 18 mai 2020, nous accueillerons \u00e0 nouveau les ann\u00e9es 4 et 5 en primaire.<\/p>\n<p>Lundi 18 mai et mardi 19 mai 2020, nous accueillerons \u00e0 nouveau les enfants pr\u00e9scolaire (derni\u00e8re ann\u00e9e de maternelle)<\/p>\n<p><strong>Phase 3<\/strong> : du lundi 15 juin \u00e0 la fin de l&rsquo;ann\u00e9e scolaire : toutes les classes du primaire sont de retour \u00e0 l&rsquo;\u00e9cole<br \/>\n1\/ Organisation de la semaine (principes) :<br \/>\nAfin de r\u00e9duire le nombre de personnes qui viennent et partent en m\u00eame temps, l<strong>es groupes allemands de classe A (7h55 \u00e0 12h25)<\/strong> et les groupes <strong>anglophones et francophones de classe B (8h05 \u00e0 12h35)<\/strong> sont divis\u00e9s &#8211; cela peut changer plus tard, selon la situation du bus\/tram<br \/>\nLe transport se d\u00e9roulera normalement. Les m\u00eames r\u00e8gles s&rsquo;appliquent que pour les transports publics, les masques sont obligatoires.<br \/>\nLes \u00e9l\u00e8ves de l&rsquo;\u00e9cole primaire se rendront directement dans leur classe. Les enseignants doivent \u00eatre pr\u00e9sents dans leur classe 15 minutes avant le d\u00e9but de la premi\u00e8re le\u00e7on (groupes A \u00e0 7h40 et groupes B \u00e0 7h50).<br \/>\n&#8211; Le transport aura lieu normalement. Les m\u00eames r\u00e8gles s&rsquo;appliquent que pour les transports publics, les masques sont obligatoires.<br \/>\n&#8211; Les \u00e9l\u00e8ves de l&rsquo;\u00e9cole primaire se rendent directement dans leur classe. Les enseignants doivent \u00eatre pr\u00e9sents dans leur classe 15 minutes avant le d\u00e9but de la premi\u00e8re le\u00e7on (groupes A 7h40 et B 7h50).<\/p>\n<p><strong>Jardin d&rsquo;enfants <\/strong><\/p>\n<p>Le jardin d\u2019enfants continuera mais avec seulement 50% des effectifs. Il y aura la m\u00eame rotation qu\u2019au cours de la phase 2 : lundi et mardi les plus jeunes enfants, mercredi, jeudi et vendredi les enfants pr\u00eats \u00e0 \u00eatre scolaris\u00e9s.<\/p>\n<p><strong>Secondaire:<\/strong><\/p>\n<p>Pour plus d\u00b4informations sur la Phase 3 au secondaire veuillez cliquer <a href=\"https:\/\/www.es-karlsruhe.eu\/wp-content\/uploads\/2020\/06\/ESK-Phase-3-parents-pupils-OS-calendar.pdf\">ici<\/a><\/p>\n<p>2 blocks:<\/p>\n<p>Block 1: 8-10.10<\/p>\n<p>Block 2: 10.30-12.40<\/p>\n","protected":false},"excerpt":{"rendered":"<p>Les enseignements \u00e0 distance sont maintenus pour tous les \u00e9l\u00e8ves durant la semaine du 4 au 8 mai. Modalit\u00e9s particuli\u00e8res d\u2019enseignement \u00ab in situ \u00bb uniquement pour les \u00e9l\u00e8ves de<a class=\"excerpt-read-more\" href=\"https:\/\/www.es-karlsruhe.eu\/fr\/organisation-scolaire-du-04-au-19-mai\/\" title=\"LireOrganisation scolaire du 04 mai \u00e0 la fin de l\u00b4ann\u00e9e scolaire\">&#8230; Read more &raquo;<\/a><\/p>\n","protected":false},"author":4,"featured_media":74709,"comment_status":"closed","ping_status":"open","sticky":false,"template":"","format":"standard","meta":{"footnotes":""},"categories":[93,17,94],"tags":[],"class_list":["post-74712","post","type-post","status-publish","format-standard","has-post-thumbnail","hentry","category-nursery","category-primary","category-secondary"],"_links":{"self":[{"href":"https:\/\/www.es-karlsruhe.eu\/fr\/wp-json\/wp\/v2\/posts\/74712","targetHints":{"allow":["GET"]}}],"collection":[{"href":"https:\/\/www.es-karlsruhe.eu\/fr\/wp-json\/wp\/v2\/posts"}],"about":[{"href":"https:\/\/www.es-karlsruhe.eu\/fr\/wp-json\/wp\/v2\/types\/post"}],"author":[{"embeddable":true,"href":"https:\/\/www.es-karlsruhe.eu\/fr\/wp-json\/wp\/v2\/users\/4"}],"replies":[{"embeddable":true,"href":"https:\/\/www.es-karlsruhe.eu\/fr\/wp-json\/wp\/v2\/comments?post=74712"}],"version-history":[{"count":5,"href":"https:\/\/www.es-karlsruhe.eu\/fr\/wp-json\/wp\/v2\/posts\/74712\/revisions"}],"predecessor-version":[{"id":77677,"href":"https:\/\/www.es-karlsruhe.eu\/fr\/wp-json\/wp\/v2\/posts\/74712\/revisions\/77677"}],"wp:featuredmedia":[{"embeddable":true,"href":"https:\/\/www.es-karlsruhe.eu\/fr\/wp-json\/wp\/v2\/media\/74709"}],"wp:attachment":[{"href":"https:\/\/www.es-karlsruhe.eu\/fr\/wp-json\/wp\/v2\/media?parent=74712"}],"wp:term":[{"taxonomy":"category","embeddable":true,"href":"https:\/\/www.es-karlsruhe.eu\/fr\/wp-json\/wp\/v2\/categories?post=74712"},{"taxonomy":"post_tag","embeddable":true,"href":"https:\/\/www.es-karlsruhe.eu\/fr\/wp-json\/wp\/v2\/tags?post=74712"}],"curies":[{"name":"wp","href":"https:\/\/api.w.org\/{rel}","templated":true}]}}